{"id":6850,"date":"2026-04-13T13:59:19","date_gmt":"2026-04-13T11:59:19","guid":{"rendered":"https:\/\/agora.xtec.cat\/zerventsere\/?p=6850"},"modified":"2026-04-13T13:59:19","modified_gmt":"2026-04-13T11:59:19","slug":"sortida-a-la-colonia-guell","status":"publish","type":"post","link":"https:\/\/agora.xtec.cat\/zerventsere\/general\/sortida-a-la-colonia-guell\/","title":{"rendered":"Sortida a la Col\u00f2nia G\u00fcell"},"content":{"rendered":"<p>L&#8217;alumnat d&#8217;educaci\u00f3 infantil i cicle inicial hem visitat la Col\u00f2nia G\u00fcell, a Santa Coloma de Cervell\u00f3.<\/p>\n<p>Com que a l&#8217;aula hem estat treballant la vida i obra d&#8217;Antoni Gaud\u00ed, ens va agradar molt veure una de les seves creacions en directe. Vam poder visitar els carrers de la col\u00f2nia i observar les cases dels treballadors i treballadores de la f\u00e0brica del Senyor G\u00fcell. D&#8217;aquesta manera vam poder viatjar en el temps i imaginar-nos com vivien i treballaven en temps de Gaud\u00ed.<\/p>\n<p>El moment m\u00e9s impactant va ser la visita a la Cripta, on hi va apar\u00e8ixer misteriosament l&#8217;Antoni Gaud\u00ed i l&#8217;Eusebi G\u00fcell. Ells van ser els encarregats d&#8217;explicar-nos la hist\u00f2ria de la col\u00f2nia i les peculiaritats de la Cripta.<\/p>\n<p>Vam gaudir d&#8217;un dia molt bonic amb els companys i companyes de la Zer.<\/p>\n","protected":false},"excerpt":{"rendered":"<p>L&#8217;alumnat d&#8217;educaci\u00f3 infantil i cicle inicial hem visitat la Col\u00f2nia G\u00fcell, a Santa Coloma de Cervell\u00f3.<br \/>\nCom que a l&#8217;aula hem estat treballant la vida i obra d&#8217;Antoni Gaud\u00ed, ens va agradar molt veure una de les seves creacions en directe. Vam poder visitar els carrers&hellip;  <a href=\"https:\/\/agora.xtec.cat\/zerventsere\/general\/sortida-a-la-colonia-guell\/\" title=\"Read Sortida a la Col\u00f2nia G\u00fcell\">Llegeix m\u00e9s\u00bb<\/a><\/p>\n","protected":false},"author":6,"featured_media":6851,"comment_status":"open","ping_status":"open","sticky":false,"template":"","format":"standard","meta":{"_bbp_topic_count":0,"_bbp_reply_count":0,"_bbp_total_topic_count":0,"_bbp_total_reply_count":0,"_bbp_voice_count":0,"_bbp_anonymous_reply_count":0,"_bbp_topic_count_hidden":0,"_bbp_reply_count_hidden":0,"_bbp_forum_subforum_count":0,"footnotes":""},"categories":[99,97,1,29],"tags":[],"class_list":["post-6850","post","type-post","status-publish","format-standard","has-post-thumbnail","hentry","category-cicle-inicial","category-educacio-infantil","category-general","category-portada"],"post_mailing_queue_ids":[],"_links":{"self":[{"href":"https:\/\/agora.xtec.cat\/zerventsere\/wp-json\/wp\/v2\/posts\/6850","targetHints":{"allow":["GET"]}}],"collection":[{"href":"https:\/\/agora.xtec.cat\/zerventsere\/wp-json\/wp\/v2\/posts"}],"about":[{"href":"https:\/\/agora.xtec.cat\/zerventsere\/wp-json\/wp\/v2\/types\/post"}],"author":[{"embeddable":true,"href":"https:\/\/agora.xtec.cat\/zerventsere\/wp-json\/wp\/v2\/users\/6"}],"replies":[{"embeddable":true,"href":"https:\/\/agora.xtec.cat\/zerventsere\/wp-json\/wp\/v2\/comments?post=6850"}],"version-history":[{"count":1,"href":"https:\/\/agora.xtec.cat\/zerventsere\/wp-json\/wp\/v2\/posts\/6850\/revisions"}],"predecessor-version":[{"id":6852,"href":"https:\/\/agora.xtec.cat\/zerventsere\/wp-json\/wp\/v2\/posts\/6850\/revisions\/6852"}],"wp:featuredmedia":[{"embeddable":true,"href":"https:\/\/agora.xtec.cat\/zerventsere\/wp-json\/wp\/v2\/media\/6851"}],"wp:attachment":[{"href":"https:\/\/agora.xtec.cat\/zerventsere\/wp-json\/wp\/v2\/media?parent=6850"}],"wp:term":[{"taxonomy":"category","embeddable":true,"href":"https:\/\/agora.xtec.cat\/zerventsere\/wp-json\/wp\/v2\/categories?post=6850"},{"taxonomy":"post_tag","embeddable":true,"href":"https:\/\/agora.xtec.cat\/zerventsere\/wp-json\/wp\/v2\/tags?post=6850"}],"curies":[{"name":"wp","href":"https:\/\/api.w.org\/{rel}","templated":true}]}}