{"id":6847,"date":"2026-04-07T14:08:43","date_gmt":"2026-04-07T12:08:43","guid":{"rendered":"https:\/\/agora.xtec.cat\/zerventsere\/?p=6847"},"modified":"2026-04-07T14:08:43","modified_gmt":"2026-04-07T12:08:43","slug":"easter-day-2","status":"publish","type":"post","link":"https:\/\/agora.xtec.cat\/zerventsere\/general\/easter-day-2\/","title":{"rendered":"EASTER DAY!"},"content":{"rendered":"<p style=\"text-align: left;\">El divendres dia 27 de mar\u00e7 per tal de celebrar que s\u2019acabava el segon trimestre del curs vam fer la trobada de ZER a Castellnou de Seana tot gaudint de l\u2019Easter Day. Per comen\u00e7ar el dia d\u2019una manera ben cultural vam anar al local social a veure l\u2019obra de teatre \u201cS\u00faper Power Woman\u201d que ens va regalar l\u2019Ajuntament de Castellnou de Seana. A continuaci\u00f3 vam anar a la Pla\u00e7a de l&#8217;Egl\u00e9sia a esmorzar i tamb\u00e9 vam posar m\u00fasica i vam cantar i ballar. A partir d\u2019aqu\u00ed vam comen\u00e7ar amb l\u2019activitat que \u00e9s el motiu de la trobada:<\/p>\n<p style=\"text-align: center;\"><strong>\u201c\u2019EASTER EGG HUNT\u201d<\/strong><\/p>\n<p style=\"text-align: left;\">\u00c9s una activitat molt divertida ja que ens barregem tots els nens i nenes de la ZER i amb grups de 10 hem d\u2019anar passant per diferents proves que organitzen els mestres de llengua anglesa de la ZER i una vegada superades, hem de trobar un ou de colors fet de paper. Cada grup ha de trobar el seu ou de pasqua que est\u00e0 marcat amb un<br \/>\ngomet igual que el que ens identifica com a grup. Ens ho vam passar molt i b\u00e9 i tamb\u00e9 vam acabar ben cansats i cansades!<\/p>\n<p style=\"text-align: left;\">Despr\u00e9s vam anar a dinar a la Pista i per acabar el dia vam anar a l\u2019escola de l\u2019Estel a guarnir les lletres de connexions a l\u2019estil Gaudini\u00e0. Va ser una activitat molt encertada per acabar la jornada ja que ser\u00e0 l\u2019\u00faltim dia que els nens i nenes de la ZER podrem estar junts a l\u2019escola de sempre de Castellnou. El curs que ve ja estarem a l\u2019escola nova! Quines ganes en tenim!<\/p>\n<p>&nbsp;<\/p>\n<p>&nbsp;<\/p>\n<p><a href=\"https:\/\/agora.xtec.cat\/zerventsere\/wp-content\/uploads\/usu867\/2026\/04\/IMG_97681-scaled.jpg\"><img loading=\"lazy\" decoding=\"async\" class=\"alignnone size-large wp-image-6848\" src=\"https:\/\/agora.xtec.cat\/zerventsere\/wp-content\/uploads\/usu867\/2026\/04\/IMG_97681-1024x505.jpg\" alt=\"\" width=\"1024\" height=\"505\" srcset=\"https:\/\/agora.xtec.cat\/zerventsere\/wp-content\/uploads\/usu867\/2026\/04\/IMG_97681-1024x505.jpg 1024w, https:\/\/agora.xtec.cat\/zerventsere\/wp-content\/uploads\/usu867\/2026\/04\/IMG_97681-300x148.jpg 300w, https:\/\/agora.xtec.cat\/zerventsere\/wp-content\/uploads\/usu867\/2026\/04\/IMG_97681-768x379.jpg 768w, https:\/\/agora.xtec.cat\/zerventsere\/wp-content\/uploads\/usu867\/2026\/04\/IMG_97681-1536x758.jpg 1536w, https:\/\/agora.xtec.cat\/zerventsere\/wp-content\/uploads\/usu867\/2026\/04\/IMG_97681-2048x1010.jpg 2048w\" sizes=\"auto, (max-width: 1024px) 100vw, 1024px\" \/><\/a><\/p>\n","protected":false},"excerpt":{"rendered":"<p>El divendres dia 27 de mar\u00e7 per tal de celebrar que s\u2019acabava el segon trimestre del curs vam fer la trobada de ZER a Castellnou de Seana tot gaudint de l\u2019Easter Day. Per comen\u00e7ar el dia d\u2019una manera ben cultural vam anar al local social&hellip;  <a href=\"https:\/\/agora.xtec.cat\/zerventsere\/general\/easter-day-2\/\" title=\"Read EASTER DAY!\">Llegeix m\u00e9s\u00bb<\/a><\/p>\n","protected":false},"author":69,"featured_media":0,"comment_status":"open","ping_status":"open","sticky":false,"template":"","format":"standard","meta":{"_bbp_topic_count":0,"_bbp_reply_count":0,"_bbp_total_topic_count":0,"_bbp_total_reply_count":0,"_bbp_voice_count":0,"_bbp_anonymous_reply_count":0,"_bbp_topic_count_hidden":0,"_bbp_reply_count_hidden":0,"_bbp_forum_subforum_count":0,"footnotes":""},"categories":[94,1,29],"tags":[],"class_list":["post-6847","post","type-post","status-publish","format-standard","hentry","category-english","category-general","category-portada"],"post_mailing_queue_ids":[],"_links":{"self":[{"href":"https:\/\/agora.xtec.cat\/zerventsere\/wp-json\/wp\/v2\/posts\/6847","targetHints":{"allow":["GET"]}}],"collection":[{"href":"https:\/\/agora.xtec.cat\/zerventsere\/wp-json\/wp\/v2\/posts"}],"about":[{"href":"https:\/\/agora.xtec.cat\/zerventsere\/wp-json\/wp\/v2\/types\/post"}],"author":[{"embeddable":true,"href":"https:\/\/agora.xtec.cat\/zerventsere\/wp-json\/wp\/v2\/users\/69"}],"replies":[{"embeddable":true,"href":"https:\/\/agora.xtec.cat\/zerventsere\/wp-json\/wp\/v2\/comments?post=6847"}],"version-history":[{"count":1,"href":"https:\/\/agora.xtec.cat\/zerventsere\/wp-json\/wp\/v2\/posts\/6847\/revisions"}],"predecessor-version":[{"id":6849,"href":"https:\/\/agora.xtec.cat\/zerventsere\/wp-json\/wp\/v2\/posts\/6847\/revisions\/6849"}],"wp:attachment":[{"href":"https:\/\/agora.xtec.cat\/zerventsere\/wp-json\/wp\/v2\/media?parent=6847"}],"wp:term":[{"taxonomy":"category","embeddable":true,"href":"https:\/\/agora.xtec.cat\/zerventsere\/wp-json\/wp\/v2\/categories?post=6847"},{"taxonomy":"post_tag","embeddable":true,"href":"https:\/\/agora.xtec.cat\/zerventsere\/wp-json\/wp\/v2\/tags?post=6847"}],"curies":[{"name":"wp","href":"https:\/\/api.w.org\/{rel}","templated":true}]}}