{"id":6824,"date":"2025-11-11T12:58:45","date_gmt":"2025-11-11T11:58:45","guid":{"rendered":"https:\/\/agora.xtec.cat\/zerventsere\/?p=6824"},"modified":"2025-11-11T12:58:45","modified_gmt":"2025-11-11T11:58:45","slug":"setmana-bio-a-la-zer","status":"publish","type":"post","link":"https:\/\/agora.xtec.cat\/zerventsere\/general\/setmana-bio-a-la-zer\/","title":{"rendered":"SETMANA BIO A LA ZER"},"content":{"rendered":"<p>Un any m\u00e9s a la ZER hem pogut gaudir de diverses activitats i tallers relacionats amb tot el que tingui a veure en millorar el nostre entorn proper.<\/p>\n<p>Hem conegut molt millor les abelles i el que ens ofereixen, hem apr\u00e8s a trav\u00e9s d&#8217;un conte, que ha escrit una mare de la ZER, com alimentar-nos millor, hem conegut qu\u00e8 passa amb els nostres residus un cop els perdem de vista gr\u00e0cies a la visita guiada a l&#8217;abocador i tamb\u00e9 hem designat els ecodelegats de cada escola que ens ajudaran a mantenir un entorn m\u00e9s sostenible.<\/p>\n<p>Si comences pel teu entorn m\u00e9s proper canviar\u00e0s el m\u00f3n!<a href=\"https:\/\/agora.xtec.cat\/zerventsere\/wp-content\/uploads\/usu867\/2025\/11\/foto-setmana-BIO.jpg\"><img loading=\"lazy\" decoding=\"async\" class=\"alignnone size-large wp-image-6825\" src=\"https:\/\/agora.xtec.cat\/zerventsere\/wp-content\/uploads\/usu867\/2025\/11\/foto-setmana-BIO-1024x640.jpg\" alt=\"\" width=\"1024\" height=\"640\" srcset=\"https:\/\/agora.xtec.cat\/zerventsere\/wp-content\/uploads\/usu867\/2025\/11\/foto-setmana-BIO-1024x640.jpg 1024w, https:\/\/agora.xtec.cat\/zerventsere\/wp-content\/uploads\/usu867\/2025\/11\/foto-setmana-BIO-300x188.jpg 300w, https:\/\/agora.xtec.cat\/zerventsere\/wp-content\/uploads\/usu867\/2025\/11\/foto-setmana-BIO-768x480.jpg 768w, https:\/\/agora.xtec.cat\/zerventsere\/wp-content\/uploads\/usu867\/2025\/11\/foto-setmana-BIO.jpg 1080w\" sizes=\"auto, (max-width: 1024px) 100vw, 1024px\" \/><\/a><\/p>\n","protected":false},"excerpt":{"rendered":"<p>Un any m\u00e9s a la ZER hem pogut gaudir de diverses activitats i tallers relacionats amb tot el que tingui a veure en millorar el nostre entorn proper.<br \/>\nHem conegut molt millor les abelles i el que ens ofereixen, hem apr\u00e8s a trav\u00e9s d&#8217;un conte, que&hellip;  <a href=\"https:\/\/agora.xtec.cat\/zerventsere\/general\/setmana-bio-a-la-zer\/\" title=\"Read SETMANA BIO A LA ZER\">Llegeix m\u00e9s\u00bb<\/a><\/p>\n","protected":false},"author":52,"featured_media":0,"comment_status":"open","ping_status":"open","sticky":false,"template":"","format":"standard","meta":{"_bbp_topic_count":0,"_bbp_reply_count":0,"_bbp_total_topic_count":0,"_bbp_total_reply_count":0,"_bbp_voice_count":0,"_bbp_anonymous_reply_count":0,"_bbp_topic_count_hidden":0,"_bbp_reply_count_hidden":0,"_bbp_forum_subforum_count":0,"footnotes":""},"categories":[97,98,95,1,29],"tags":[],"class_list":["post-6824","post","type-post","status-publish","format-standard","hentry","category-educacio-infantil","category-educacio-primaria","category-escola-verda","category-general","category-portada"],"post_mailing_queue_ids":[],"_links":{"self":[{"href":"https:\/\/agora.xtec.cat\/zerventsere\/wp-json\/wp\/v2\/posts\/6824","targetHints":{"allow":["GET"]}}],"collection":[{"href":"https:\/\/agora.xtec.cat\/zerventsere\/wp-json\/wp\/v2\/posts"}],"about":[{"href":"https:\/\/agora.xtec.cat\/zerventsere\/wp-json\/wp\/v2\/types\/post"}],"author":[{"embeddable":true,"href":"https:\/\/agora.xtec.cat\/zerventsere\/wp-json\/wp\/v2\/users\/52"}],"replies":[{"embeddable":true,"href":"https:\/\/agora.xtec.cat\/zerventsere\/wp-json\/wp\/v2\/comments?post=6824"}],"version-history":[{"count":1,"href":"https:\/\/agora.xtec.cat\/zerventsere\/wp-json\/wp\/v2\/posts\/6824\/revisions"}],"predecessor-version":[{"id":6826,"href":"https:\/\/agora.xtec.cat\/zerventsere\/wp-json\/wp\/v2\/posts\/6824\/revisions\/6826"}],"wp:attachment":[{"href":"https:\/\/agora.xtec.cat\/zerventsere\/wp-json\/wp\/v2\/media?parent=6824"}],"wp:term":[{"taxonomy":"category","embeddable":true,"href":"https:\/\/agora.xtec.cat\/zerventsere\/wp-json\/wp\/v2\/categories?post=6824"},{"taxonomy":"post_tag","embeddable":true,"href":"https:\/\/agora.xtec.cat\/zerventsere\/wp-json\/wp\/v2\/tags?post=6824"}],"curies":[{"name":"wp","href":"https:\/\/api.w.org\/{rel}","templated":true}]}}