{"id":6812,"date":"2025-11-05T14:02:18","date_gmt":"2025-11-05T13:02:18","guid":{"rendered":"https:\/\/agora.xtec.cat\/zerventsere\/?p=6812"},"modified":"2025-11-05T14:02:18","modified_gmt":"2025-11-05T13:02:18","slug":"halloween","status":"publish","type":"post","link":"https:\/\/agora.xtec.cat\/zerventsere\/portada\/halloween\/","title":{"rendered":"HALLOWEEN"},"content":{"rendered":"<h3 data-start=\"162\" data-end=\"203\">\ud83c\udf83 Exposici\u00f3 de Halloween a la ZER \ud83d\udc7b<\/h3>\n<p data-start=\"205\" data-end=\"362\"><strong data-start=\"205\" data-end=\"224\">Hola, fam\u00edlies!<\/strong><br data-start=\"224\" data-end=\"227\" \/>Com ja \u00e9s tradici\u00f3, cada any els nens i nenes de la <strong data-start=\"279\" data-end=\"286\">ZER<\/strong> preparen una exposici\u00f3 d\u2019all\u00f2 m\u00e9s terror\u00edfica per celebrar <strong data-start=\"346\" data-end=\"359\">Halloween<\/strong>.<\/p>\n<p data-start=\"364\" data-end=\"595\">Aquest curs, el tema ha estat <strong data-start=\"394\" data-end=\"411\">els fantasmes<\/strong>, i us hem de dir que ha estat <strong data-start=\"442\" data-end=\"457\">tot un \u00e8xit<\/strong>! Els infants han treballat amb molta il\u00b7lusi\u00f3 i creativitat per donar forma a aquesta mostra tan especial, plena de misteri i diversi\u00f3.<\/p>\n<p data-start=\"597\" data-end=\"714\"><strong data-start=\"597\" data-end=\"621\">Enhorabona, fam\u00edlies<\/strong>, per la vostra col\u00b7laboraci\u00f3 i per ajudar-nos a fer possible aquesta activitat tan bonica.<\/p>\n<p data-start=\"716\" data-end=\"815\">A continuaci\u00f3, us deixem unes quantes imatges perqu\u00e8 pugueu gaudir d\u2019un tastet de l\u2019exposici\u00f3. \ud83d\udc47<\/p>\n<p data-start=\"716\" data-end=\"815\"><a href=\"https:\/\/youtu.be\/lG6iLUNzi3Y\">HAPPY HALLOWEEN<\/a><\/p>\n","protected":false},"excerpt":{"rendered":"<p>\ud83c\udf83 Exposici\u00f3 de Halloween a la ZER \ud83d\udc7b<br \/>\nHola, fam\u00edlies!Com ja \u00e9s tradici\u00f3, cada any els nens i nenes de la ZER preparen una exposici\u00f3 d\u2019all\u00f2 m\u00e9s terror\u00edfica per celebrar Halloween.<br \/>\nAquest curs, el tema ha estat els fantasmes, i us hem de dir que ha estat&hellip;  <a href=\"https:\/\/agora.xtec.cat\/zerventsere\/portada\/halloween\/\" title=\"Read HALLOWEEN\">Llegeix m\u00e9s\u00bb<\/a><\/p>\n","protected":false},"author":52,"featured_media":6818,"comment_status":"open","ping_status":"open","sticky":false,"template":"","format":"standard","meta":{"_bbp_topic_count":0,"_bbp_reply_count":0,"_bbp_total_topic_count":0,"_bbp_total_reply_count":0,"_bbp_voice_count":0,"_bbp_anonymous_reply_count":0,"_bbp_topic_count_hidden":0,"_bbp_reply_count_hidden":0,"_bbp_forum_subforum_count":0,"footnotes":""},"categories":[94,29],"tags":[],"class_list":["post-6812","post","type-post","status-publish","format-standard","has-post-thumbnail","hentry","category-english","category-portada"],"post_mailing_queue_ids":[],"_links":{"self":[{"href":"https:\/\/agora.xtec.cat\/zerventsere\/wp-json\/wp\/v2\/posts\/6812","targetHints":{"allow":["GET"]}}],"collection":[{"href":"https:\/\/agora.xtec.cat\/zerventsere\/wp-json\/wp\/v2\/posts"}],"about":[{"href":"https:\/\/agora.xtec.cat\/zerventsere\/wp-json\/wp\/v2\/types\/post"}],"author":[{"embeddable":true,"href":"https:\/\/agora.xtec.cat\/zerventsere\/wp-json\/wp\/v2\/users\/52"}],"replies":[{"embeddable":true,"href":"https:\/\/agora.xtec.cat\/zerventsere\/wp-json\/wp\/v2\/comments?post=6812"}],"version-history":[{"count":1,"href":"https:\/\/agora.xtec.cat\/zerventsere\/wp-json\/wp\/v2\/posts\/6812\/revisions"}],"predecessor-version":[{"id":6817,"href":"https:\/\/agora.xtec.cat\/zerventsere\/wp-json\/wp\/v2\/posts\/6812\/revisions\/6817"}],"wp:featuredmedia":[{"embeddable":true,"href":"https:\/\/agora.xtec.cat\/zerventsere\/wp-json\/wp\/v2\/media\/6818"}],"wp:attachment":[{"href":"https:\/\/agora.xtec.cat\/zerventsere\/wp-json\/wp\/v2\/media?parent=6812"}],"wp:term":[{"taxonomy":"category","embeddable":true,"href":"https:\/\/agora.xtec.cat\/zerventsere\/wp-json\/wp\/v2\/categories?post=6812"},{"taxonomy":"post_tag","embeddable":true,"href":"https:\/\/agora.xtec.cat\/zerventsere\/wp-json\/wp\/v2\/tags?post=6812"}],"curies":[{"name":"wp","href":"https:\/\/api.w.org\/{rel}","templated":true}]}}