{"id":6798,"date":"2025-06-13T12:38:54","date_gmt":"2025-06-13T10:38:54","guid":{"rendered":"https:\/\/agora.xtec.cat\/zerventsere\/?p=6798"},"modified":"2025-06-13T12:40:41","modified_gmt":"2025-06-13T10:40:41","slug":"per-una-escola-inclusiva-segura-i-per-a-tothom","status":"publish","type":"post","link":"https:\/\/agora.xtec.cat\/zerventsere\/general\/per-una-escola-inclusiva-segura-i-per-a-tothom\/","title":{"rendered":"PER UNA ESCOLA INCLUSIVA, SEGURA I PER A TOTHOM"},"content":{"rendered":"<p>&nbsp;<\/p>\n<p style=\"text-align: center;\" data-start=\"199\" data-end=\"256\"><strong data-start=\"199\" data-end=\"256\">VOLEM UNA ESCOLA NOVA INCLUSIVA ON TOTHOM HI TINGUI CABUDA!<\/strong><\/p>\n<p data-start=\"258\" data-end=\"438\">Arribem al final del projecte <em data-start=\"288\" data-end=\"322\">Centres en dansa per la inclusi\u00f3<\/em>, una iniciativa que ens ha perm\u00e8s treballar intensament la cohesi\u00f3 de grup i aprofundir en el concepte d\u2019inclusi\u00f3.<\/p>\n<p data-start=\"440\" data-end=\"882\">Com a acci\u00f3 final, aquesta setmana els infants de Cicle Superior de l\u2019escola l\u2019Estel han presentat una proposta amb idees concretes sobre com voldrien que sigui la nova escola per fer-la m\u00e9s inclusiva. Durant les darreres setmanes, han observat amb atenci\u00f3 l\u2019escola actual i han identificat diverses barreres, algunes f\u00edsiques, d&#8217;altres relacionades amb l&#8217;organitzaci\u00f3 i\/o la conviv\u00e8ncia, que dificulten que tothom s\u2019hi senti plenament acollit.<\/p>\n<p data-start=\"884\" data-end=\"1217\">Amb molta il\u00b7lusi\u00f3 i un gran sentit de responsabilitat, han elaborat una proposta que ja han fet arribar a tota la comunitat educativa. La seva mirada compromesa ens recorda que cada petit detall pot marcar la difer\u00e8ncia, i que l\u2019escola nova, que obrir\u00e0 les portes a Castellnou el curs vinent, ha de ser un espai pensat per a tothom.<\/p>\n<p data-start=\"884\" data-end=\"1217\">Aqu\u00ed teniu l&#8217;enlla\u00e7 a la <a href=\"https:\/\/www.canva.com\/design\/DAGqIyu8BkY\/jwD65C5-wJxNo9isEvNuRg\/edit?utm_content=DAGqIyu8BkY&amp;utm_campaign=designshare&amp;utm_medium=link2&amp;utm_source=sharebutton\">presentaci\u00f3<\/a>.<\/p>\n<p>#centresendansaperlainclusi\u00f3<\/p>\n<p>&nbsp;<\/p>\n","protected":false},"excerpt":{"rendered":"<p>&nbsp;<br \/>\nVOLEM UNA ESCOLA NOVA INCLUSIVA ON TOTHOM HI TINGUI CABUDA!<br \/>\nArribem al final del projecte Centres en dansa per la inclusi\u00f3, una iniciativa que ens ha perm\u00e8s treballar intensament la cohesi\u00f3 de grup i aprofundir en el concepte d\u2019inclusi\u00f3.<br \/>\nCom a acci\u00f3 final, aquesta setmana els infants&hellip;  <a href=\"https:\/\/agora.xtec.cat\/zerventsere\/general\/per-una-escola-inclusiva-segura-i-per-a-tothom\/\" title=\"Read PER UNA ESCOLA INCLUSIVA, SEGURA I PER A TOTHOM\">Llegeix m\u00e9s\u00bb<\/a><\/p>\n","protected":false},"author":1,"featured_media":0,"comment_status":"open","ping_status":"open","sticky":false,"template":"","format":"standard","meta":{"_bbp_topic_count":0,"_bbp_reply_count":0,"_bbp_total_topic_count":0,"_bbp_total_reply_count":0,"_bbp_voice_count":0,"_bbp_anonymous_reply_count":0,"_bbp_topic_count_hidden":0,"_bbp_reply_count_hidden":0,"_bbp_forum_subforum_count":0,"footnotes":""},"categories":[166,102,1,29],"tags":[],"class_list":["post-6798","post","type-post","status-publish","format-standard","hentry","category-centres-en-dansa-per-la-inclusio","category-ciclesuperior","category-general","category-portada"],"post_mailing_queue_ids":[],"_links":{"self":[{"href":"https:\/\/agora.xtec.cat\/zerventsere\/wp-json\/wp\/v2\/posts\/6798","targetHints":{"allow":["GET"]}}],"collection":[{"href":"https:\/\/agora.xtec.cat\/zerventsere\/wp-json\/wp\/v2\/posts"}],"about":[{"href":"https:\/\/agora.xtec.cat\/zerventsere\/wp-json\/wp\/v2\/types\/post"}],"author":[{"embeddable":true,"href":"https:\/\/agora.xtec.cat\/zerventsere\/wp-json\/wp\/v2\/users\/1"}],"replies":[{"embeddable":true,"href":"https:\/\/agora.xtec.cat\/zerventsere\/wp-json\/wp\/v2\/comments?post=6798"}],"version-history":[{"count":4,"href":"https:\/\/agora.xtec.cat\/zerventsere\/wp-json\/wp\/v2\/posts\/6798\/revisions"}],"predecessor-version":[{"id":6803,"href":"https:\/\/agora.xtec.cat\/zerventsere\/wp-json\/wp\/v2\/posts\/6798\/revisions\/6803"}],"wp:attachment":[{"href":"https:\/\/agora.xtec.cat\/zerventsere\/wp-json\/wp\/v2\/media?parent=6798"}],"wp:term":[{"taxonomy":"category","embeddable":true,"href":"https:\/\/agora.xtec.cat\/zerventsere\/wp-json\/wp\/v2\/categories?post=6798"},{"taxonomy":"post_tag","embeddable":true,"href":"https:\/\/agora.xtec.cat\/zerventsere\/wp-json\/wp\/v2\/tags?post=6798"}],"curies":[{"name":"wp","href":"https:\/\/api.w.org\/{rel}","templated":true}]}}