{"id":6793,"date":"2025-06-13T10:41:40","date_gmt":"2025-06-13T08:41:40","guid":{"rendered":"https:\/\/agora.xtec.cat\/zerventsere\/?p=6793"},"modified":"2025-06-13T10:44:11","modified_gmt":"2025-06-13T08:44:11","slug":"una-bicicletada-mes-inclusiva","status":"publish","type":"post","link":"https:\/\/agora.xtec.cat\/zerventsere\/portada\/una-bicicletada-mes-inclusiva\/","title":{"rendered":"UNA BICICLETADA M\u00c9S INCLUSIVA"},"content":{"rendered":"<p style=\"text-align: center;\"><strong>S\u00d3N INCLUSIVES LES ACTIVITATS DE LA NOSTRA ESCOLA?<\/strong><\/p>\n<p>Aquesta va ser la pregunta que va sorgir despr\u00e9s de reflexionar sobre el concepte d&#8217;inclusi\u00f3 amb els i les alumnes de cicle mitj\u00e0 de l&#8217;escola Moss\u00e8n Ton Clav\u00e9. Gr\u00e0cies a aquesta reflexi\u00f3 entre tots i totes hem pogut fer propostes sobre una de les \u00faltimes activitats que hem fet, LA BICICLETADA. Unes propostes que segur ens ajudaran a fer d&#8217;aquesta activitat, una activitat m\u00e9s inclusiva i on tothom se senti segur i amb confian\u00e7a.<\/p>\n<p>Per acabar el projecte d&#8217;aquest curs, el dia 10 de juliol vam fer l&#8217;acte de cloenda en una assembla. Tothom l&#8217;alumnat i professorat de la nostra escola va poder\u00a0 con\u00e8ixer el nostre proc\u00e9s de reflexi\u00f3 i les nostres propostes!<\/p>\n<p>En aquesta <a href=\"https:\/\/www.canva.com\/design\/DAGo6OQSvmk\/yD4Qa5a5oslpo3NQMGThKQ\/view?utm_content=DAGo6OQSvmk&amp;utm_campaign=designshare&amp;utm_medium=link2&amp;utm_source=uniquelinks&amp;utlId=h0981cfd49f\">ENLLA\u00c7<\/a> podreu veure&#8217;n la presentaci\u00f3!<\/p>\n<p><a href=\"https:\/\/agora.xtec.cat\/zerventsere\/wp-content\/uploads\/usu867\/2025\/06\/PRESENTACIO-CED.jpg\"><img loading=\"lazy\" decoding=\"async\" class=\"wp-image-6794 aligncenter\" src=\"https:\/\/agora.xtec.cat\/zerventsere\/wp-content\/uploads\/usu867\/2025\/06\/PRESENTACIO-CED-1024x768.jpg\" alt=\"\" width=\"566\" height=\"425\" \/><\/a><\/p>\n<p>&nbsp;<\/p>\n","protected":false},"excerpt":{"rendered":"<p>S\u00d3N INCLUSIVES LES ACTIVITATS DE LA NOSTRA ESCOLA?<br \/>\nAquesta va ser la pregunta que va sorgir despr\u00e9s de reflexionar sobre el concepte d&#8217;inclusi\u00f3 amb els i les alumnes de cicle mitj\u00e0 de l&#8217;escola Moss\u00e8n Ton Clav\u00e9. Gr\u00e0cies a aquesta reflexi\u00f3 entre tots i totes hem pogut&hellip;  <a href=\"https:\/\/agora.xtec.cat\/zerventsere\/portada\/una-bicicletada-mes-inclusiva\/\" title=\"Read UNA BICICLETADA M\u00c9S INCLUSIVA\">Llegeix m\u00e9s\u00bb<\/a><\/p>\n","protected":false},"author":50,"featured_media":0,"comment_status":"open","ping_status":"open","sticky":false,"template":"","format":"standard","meta":{"_bbp_topic_count":0,"_bbp_reply_count":0,"_bbp_total_topic_count":0,"_bbp_total_reply_count":0,"_bbp_voice_count":0,"_bbp_anonymous_reply_count":0,"_bbp_topic_count_hidden":0,"_bbp_reply_count_hidden":0,"_bbp_forum_subforum_count":0,"footnotes":""},"categories":[166,29],"tags":[165],"class_list":["post-6793","post","type-post","status-publish","format-standard","hentry","category-centres-en-dansa-per-la-inclusio","category-portada","tag-centresendansaperlainclusio"],"post_mailing_queue_ids":[],"_links":{"self":[{"href":"https:\/\/agora.xtec.cat\/zerventsere\/wp-json\/wp\/v2\/posts\/6793","targetHints":{"allow":["GET"]}}],"collection":[{"href":"https:\/\/agora.xtec.cat\/zerventsere\/wp-json\/wp\/v2\/posts"}],"about":[{"href":"https:\/\/agora.xtec.cat\/zerventsere\/wp-json\/wp\/v2\/types\/post"}],"author":[{"embeddable":true,"href":"https:\/\/agora.xtec.cat\/zerventsere\/wp-json\/wp\/v2\/users\/50"}],"replies":[{"embeddable":true,"href":"https:\/\/agora.xtec.cat\/zerventsere\/wp-json\/wp\/v2\/comments?post=6793"}],"version-history":[{"count":3,"href":"https:\/\/agora.xtec.cat\/zerventsere\/wp-json\/wp\/v2\/posts\/6793\/revisions"}],"predecessor-version":[{"id":6797,"href":"https:\/\/agora.xtec.cat\/zerventsere\/wp-json\/wp\/v2\/posts\/6793\/revisions\/6797"}],"wp:attachment":[{"href":"https:\/\/agora.xtec.cat\/zerventsere\/wp-json\/wp\/v2\/media?parent=6793"}],"wp:term":[{"taxonomy":"category","embeddable":true,"href":"https:\/\/agora.xtec.cat\/zerventsere\/wp-json\/wp\/v2\/categories?post=6793"},{"taxonomy":"post_tag","embeddable":true,"href":"https:\/\/agora.xtec.cat\/zerventsere\/wp-json\/wp\/v2\/tags?post=6793"}],"curies":[{"name":"wp","href":"https:\/\/api.w.org\/{rel}","templated":true}]}}