{"id":6778,"date":"2025-05-12T10:55:52","date_gmt":"2025-05-12T08:55:52","guid":{"rendered":"https:\/\/agora.xtec.cat\/zerventsere\/?p=6778"},"modified":"2025-05-12T10:55:52","modified_gmt":"2025-05-12T08:55:52","slug":"fira-de-robotica","status":"publish","type":"post","link":"https:\/\/agora.xtec.cat\/zerventsere\/general\/fira-de-robotica\/","title":{"rendered":"Fira de rob\u00f2tica"},"content":{"rendered":"<p data-pm-slice=\"1 1 []\">El passat dijous 8 de maig l&#8217;alumnat de cicle superior de Castellnou de Seana en representaci\u00f3 de la ZER van assistir a la primera fira de rob\u00f2tica del Pla d&#8217;Urgell celebrada a Mollerussa al pavell\u00f3 firal.<\/p>\n<p>L&#8217;alumnat va exposar la tasca duta a terme a l&#8217;escola relacionada amb el projecte interdisciplinari. A m\u00e9s a m\u00e9s, van poder observar els treballs d&#8217;altres escoles, per extreure&#8217;n idees. Tanmateix, van poder fer tallers de rob\u00f2tica de la m\u00e0 d&#8217;empreses especialitzades.<\/p>\n<p>S&#8217;ho van passar molt b\u00e9, esperem que no sigui la darrera fira! Si voleu veure el projecte final exposat, el podreu veure el pr\u00f2xim dia 6 de juny a l&#8217;escola l&#8217;Estel de Castellnou a la jornada de connexions educatives. Us hi esperem!<\/p>\n<p><a href=\"https:\/\/agora.xtec.cat\/zerventsere\/wp-content\/uploads\/usu867\/2025\/05\/20250508_125715-scaled.jpg\"><img loading=\"lazy\" decoding=\"async\" class=\"alignnone size-large wp-image-6779\" src=\"https:\/\/agora.xtec.cat\/zerventsere\/wp-content\/uploads\/usu867\/2025\/05\/20250508_125715-1024x768.jpg\" alt=\"\" width=\"1024\" height=\"768\" \/><\/a><\/p>\n","protected":false},"excerpt":{"rendered":"<p>El passat dijous 8 de maig l&#8217;alumnat de cicle superior de Castellnou de Seana en representaci\u00f3 de la ZER van assistir a la primera fira de rob\u00f2tica del Pla d&#8217;Urgell celebrada a Mollerussa al pavell\u00f3 firal.<br \/>\nL&#8217;alumnat va exposar la tasca duta a terme a l&#8217;escola&hellip;  <a href=\"https:\/\/agora.xtec.cat\/zerventsere\/general\/fira-de-robotica\/\" title=\"Read Fira de rob\u00f2tica\">Llegeix m\u00e9s\u00bb<\/a><\/p>\n","protected":false},"author":1,"featured_media":0,"comment_status":"open","ping_status":"closed","sticky":false,"template":"","format":"standard","meta":{"_bbp_topic_count":0,"_bbp_reply_count":0,"_bbp_total_topic_count":0,"_bbp_total_reply_count":0,"_bbp_voice_count":0,"_bbp_anonymous_reply_count":0,"_bbp_topic_count_hidden":0,"_bbp_reply_count_hidden":0,"_bbp_forum_subforum_count":0,"footnotes":""},"categories":[102,98,1,29],"tags":[],"class_list":["post-6778","post","type-post","status-publish","format-standard","hentry","category-ciclesuperior","category-educacio-primaria","category-general","category-portada"],"post_mailing_queue_ids":[],"_links":{"self":[{"href":"https:\/\/agora.xtec.cat\/zerventsere\/wp-json\/wp\/v2\/posts\/6778","targetHints":{"allow":["GET"]}}],"collection":[{"href":"https:\/\/agora.xtec.cat\/zerventsere\/wp-json\/wp\/v2\/posts"}],"about":[{"href":"https:\/\/agora.xtec.cat\/zerventsere\/wp-json\/wp\/v2\/types\/post"}],"author":[{"embeddable":true,"href":"https:\/\/agora.xtec.cat\/zerventsere\/wp-json\/wp\/v2\/users\/1"}],"replies":[{"embeddable":true,"href":"https:\/\/agora.xtec.cat\/zerventsere\/wp-json\/wp\/v2\/comments?post=6778"}],"version-history":[{"count":1,"href":"https:\/\/agora.xtec.cat\/zerventsere\/wp-json\/wp\/v2\/posts\/6778\/revisions"}],"predecessor-version":[{"id":6780,"href":"https:\/\/agora.xtec.cat\/zerventsere\/wp-json\/wp\/v2\/posts\/6778\/revisions\/6780"}],"wp:attachment":[{"href":"https:\/\/agora.xtec.cat\/zerventsere\/wp-json\/wp\/v2\/media?parent=6778"}],"wp:term":[{"taxonomy":"category","embeddable":true,"href":"https:\/\/agora.xtec.cat\/zerventsere\/wp-json\/wp\/v2\/categories?post=6778"},{"taxonomy":"post_tag","embeddable":true,"href":"https:\/\/agora.xtec.cat\/zerventsere\/wp-json\/wp\/v2\/tags?post=6778"}],"curies":[{"name":"wp","href":"https:\/\/api.w.org\/{rel}","templated":true}]}}