{"id":6770,"date":"2025-05-09T18:12:58","date_gmt":"2025-05-09T16:12:58","guid":{"rendered":"https:\/\/agora.xtec.cat\/zerventsere\/?p=6770"},"modified":"2025-05-12T10:56:30","modified_gmt":"2025-05-12T08:56:30","slug":"sortida-a-cambrils","status":"publish","type":"post","link":"https:\/\/agora.xtec.cat\/zerventsere\/general\/sortida-a-cambrils\/","title":{"rendered":"SORTIDA A CAMBRILS"},"content":{"rendered":"<p><span style=\"font-weight: 400;\">El passat 25 d\u2019abril l\u2019alumnat de cicle inicial de l\u2019escola Moss\u00e8n Ton Clav\u00e9 i de l\u2019escola l\u2019Estel van anar d\u2019excursi\u00f3 a Cambrils.\u00a0<\/span><\/p>\n<p><span style=\"font-weight: 400;\">Just quan vam arribar, vam anar al Parc del Pescador a esmorzar i a agafar forces per dur a terme totes les activitats programades. Despr\u00e9s ens vam dividir en dos grups i vam poder con\u00e8ixer el port de Cambrils amb la seva llotja i el far. Tamb\u00e9 vam aprendre sobre els diferents tipus de pesca i perqu\u00e8 s\u00f3n importants a l\u2019hora de pescar un tipus de peixos o un altre.\u00a0<\/span><\/p>\n<p><span style=\"font-weight: 400;\">A la peixateria, encara que hi havia for\u00e7a gent, vam poder veure de primera m\u00e0 alguns dels peixos i crustacis que es pesquen a la zona. Alguns encara eren vius!<\/span><\/p>\n<p><span style=\"font-weight: 400;\">Ah! I El millor \u00e9s que tots junts vam poder gaudir d\u2019un trajecte en vaixell i ens van ensenyar totes les parts de comandament!\u00a0<\/span><\/p>\n<p><span style=\"font-weight: 400;\">Despr\u00e9s de dinar i de jugar una estona al parc, ens vam poder acostar a la platja per tocar la sorra i agafar algunes petxines i cargolines de record d&#8217;aquest dia.<\/span><\/p>\n<figure class=\"figure wp-caption alignnone\"><a href=\"https:\/\/agora.xtec.cat\/zerventsere\/wp-content\/uploads\/usu867\/2025\/05\/IMG20250425113521-2-scaled.jpg\"><img loading=\"lazy\" decoding=\"async\" class=\"size-large wp-image-6773\" src=\"https:\/\/agora.xtec.cat\/zerventsere\/wp-content\/uploads\/usu867\/2025\/05\/IMG20250425113521-2-1024x768.jpg\" alt=\"\" width=\"1024\" height=\"768\" \/><\/a><figcaption class=\"wp-caption-text\">oplus_0<\/figcaption><\/figure>\n<p><span style=\"font-weight: 400;\"><a href=\"https:\/\/agora.xtec.cat\/zerventsere\/wp-content\/uploads\/usu867\/2025\/05\/20250425_111314-scaled.jpg\"><img loading=\"lazy\" decoding=\"async\" class=\"alignnone size-large wp-image-6776\" src=\"https:\/\/agora.xtec.cat\/zerventsere\/wp-content\/uploads\/usu867\/2025\/05\/20250425_111314-1024x580.jpg\" alt=\"\" width=\"1024\" height=\"580\" \/><\/a> <a href=\"https:\/\/agora.xtec.cat\/zerventsere\/wp-content\/uploads\/usu867\/2025\/05\/20250425_123541-scaled.jpg\"><img loading=\"lazy\" decoding=\"async\" class=\"alignnone size-large wp-image-6775\" src=\"https:\/\/agora.xtec.cat\/zerventsere\/wp-content\/uploads\/usu867\/2025\/05\/20250425_123541-1024x595.jpg\" alt=\"\" width=\"1024\" height=\"595\" \/><\/a> <a href=\"https:\/\/agora.xtec.cat\/zerventsere\/wp-content\/uploads\/usu867\/2025\/05\/IMG20250425145622-modificada-scaled.jpg\"><img loading=\"lazy\" decoding=\"async\" class=\"alignnone size-large wp-image-6774\" src=\"https:\/\/agora.xtec.cat\/zerventsere\/wp-content\/uploads\/usu867\/2025\/05\/IMG20250425145622-modificada-1024x429.jpg\" alt=\"\" width=\"1024\" height=\"429\" \/><\/a><\/span><\/p>\n","protected":false},"excerpt":{"rendered":"<p>El passat 25 d\u2019abril l\u2019alumnat de cicle inicial de l\u2019escola Moss\u00e8n Ton Clav\u00e9 i de l\u2019escola l\u2019Estel van anar d\u2019excursi\u00f3 a Cambrils.\u00a0<br \/>\nJust quan vam arribar, vam anar al Parc del Pescador a esmorzar i a agafar forces per dur a terme totes les activitats programades.&hellip;  <a href=\"https:\/\/agora.xtec.cat\/zerventsere\/general\/sortida-a-cambrils\/\" title=\"Read SORTIDA A CAMBRILS\">Llegeix m\u00e9s\u00bb<\/a><\/p>\n","protected":false},"author":1,"featured_media":0,"comment_status":"open","ping_status":"closed","sticky":false,"template":"","format":"standard","meta":{"_bbp_topic_count":0,"_bbp_reply_count":0,"_bbp_total_topic_count":0,"_bbp_total_reply_count":0,"_bbp_voice_count":0,"_bbp_anonymous_reply_count":0,"_bbp_topic_count_hidden":0,"_bbp_reply_count_hidden":0,"_bbp_forum_subforum_count":0,"footnotes":""},"categories":[99,1,29],"tags":[],"class_list":["post-6770","post","type-post","status-publish","format-standard","hentry","category-cicle-inicial","category-general","category-portada"],"post_mailing_queue_ids":[],"_links":{"self":[{"href":"https:\/\/agora.xtec.cat\/zerventsere\/wp-json\/wp\/v2\/posts\/6770","targetHints":{"allow":["GET"]}}],"collection":[{"href":"https:\/\/agora.xtec.cat\/zerventsere\/wp-json\/wp\/v2\/posts"}],"about":[{"href":"https:\/\/agora.xtec.cat\/zerventsere\/wp-json\/wp\/v2\/types\/post"}],"author":[{"embeddable":true,"href":"https:\/\/agora.xtec.cat\/zerventsere\/wp-json\/wp\/v2\/users\/1"}],"replies":[{"embeddable":true,"href":"https:\/\/agora.xtec.cat\/zerventsere\/wp-json\/wp\/v2\/comments?post=6770"}],"version-history":[{"count":2,"href":"https:\/\/agora.xtec.cat\/zerventsere\/wp-json\/wp\/v2\/posts\/6770\/revisions"}],"predecessor-version":[{"id":6781,"href":"https:\/\/agora.xtec.cat\/zerventsere\/wp-json\/wp\/v2\/posts\/6770\/revisions\/6781"}],"wp:attachment":[{"href":"https:\/\/agora.xtec.cat\/zerventsere\/wp-json\/wp\/v2\/media?parent=6770"}],"wp:term":[{"taxonomy":"category","embeddable":true,"href":"https:\/\/agora.xtec.cat\/zerventsere\/wp-json\/wp\/v2\/categories?post=6770"},{"taxonomy":"post_tag","embeddable":true,"href":"https:\/\/agora.xtec.cat\/zerventsere\/wp-json\/wp\/v2\/tags?post=6770"}],"curies":[{"name":"wp","href":"https:\/\/api.w.org\/{rel}","templated":true}]}}