{"id":6759,"date":"2025-05-07T14:56:25","date_gmt":"2025-05-07T12:56:25","guid":{"rendered":"https:\/\/agora.xtec.cat\/zerventsere\/?p=6759"},"modified":"2025-05-07T15:04:30","modified_gmt":"2025-05-07T13:04:30","slug":"continuem-amb-centres-en-dansa-per-la-inclusio","status":"publish","type":"post","link":"https:\/\/agora.xtec.cat\/zerventsere\/general\/continuem-amb-centres-en-dansa-per-la-inclusio\/","title":{"rendered":"Continuem amb Centres en Dansa per la Inclusi\u00f3!"},"content":{"rendered":"<p><a href=\"https:\/\/agora.xtec.cat\/zerventsere\/wp-content\/uploads\/usu867\/2024\/04\/Captura-9.png\"><img loading=\"lazy\" decoding=\"async\" class=\"alignnone size-full wp-image-6529\" src=\"https:\/\/agora.xtec.cat\/zerventsere\/wp-content\/uploads\/usu867\/2024\/04\/Captura-9.png\" alt=\"\" width=\"809\" height=\"474\" \/><\/a><\/p>\n<p>Durant aquests dies, els alumnes de cicle superior de l&#8217;escola l&#8217;Estel hem continuat immersos en el projecte <em>&#8220;Centres en dansa per la inclusi\u00f3&#8221;<\/em>. A trav\u00e9s d&#8217;activitats din\u00e0miques i reflexives, hem pogut expressar-nos, compartir idees i avan\u00e7ar en la construcci\u00f3 d&#8217;un centre m\u00e9s inclusiu i acollidor per a tothom.<\/p>\n<p>Compartim amb vosaltres un v\u00eddeo recopilatori amb alguns dels moments viscuts. Aquestes activitats s\u00f3n nom\u00e9s una part del cam\u00ed que ens dur\u00e0 cap a una acci\u00f3 final molt especial, amb l&#8217;objectiu de pensar i crear un centre on tothom hi tingui lloc.<\/p>\n<p>No us el perdeu!<\/p>\n<p>Aviat tindreu m\u00e9s not\u00edcies.<\/p>\n<p>Aqu\u00ed teniu l&#8217;enlla\u00e7 directe al <a href=\"https:\/\/www.canva.com\/design\/DAGmlNnSeQY\/Em3_fd-Yerr_jyKXHcJViQ\/watch?utm_content=DAGmlNnSeQY&amp;utm_campaign=share_your_design&amp;utm_medium=link2&amp;utm_source=shareyourdesignpanel\">v\u00eddeo<\/a>. #centresendansaperlainclusio<\/p>\n","protected":false},"excerpt":{"rendered":"<p><a href=\"https:\/\/agora.xtec.cat\/zerventsere\/wp-content\/uploads\/usu867\/2024\/04\/Captura-9.png\"><\/a><br \/>\nDurant aquests dies, els alumnes de cicle superior de l&#8217;escola l&#8217;Estel hem continuat immersos en el projecte &#8220;Centres en dansa per la inclusi\u00f3&#8221;. A trav\u00e9s d&#8217;activitats din\u00e0miques i reflexives, hem pogut expressar-nos, compartir idees i avan\u00e7ar en la construcci\u00f3 d&#8217;un centre m\u00e9s inclusiu i&hellip;  <a href=\"https:\/\/agora.xtec.cat\/zerventsere\/general\/continuem-amb-centres-en-dansa-per-la-inclusio\/\" title=\"Read Continuem amb Centres en Dansa per la Inclusi\u00f3!\">Llegeix m\u00e9s\u00bb<\/a><\/p>\n","protected":false},"author":1,"featured_media":0,"comment_status":"open","ping_status":"closed","sticky":false,"template":"","format":"standard","meta":{"_bbp_topic_count":0,"_bbp_reply_count":0,"_bbp_total_topic_count":0,"_bbp_total_reply_count":0,"_bbp_voice_count":0,"_bbp_anonymous_reply_count":0,"_bbp_topic_count_hidden":0,"_bbp_reply_count_hidden":0,"_bbp_forum_subforum_count":0,"footnotes":""},"categories":[166,1,29],"tags":[],"class_list":["post-6759","post","type-post","status-publish","format-standard","hentry","category-centres-en-dansa-per-la-inclusio","category-general","category-portada"],"post_mailing_queue_ids":[],"_links":{"self":[{"href":"https:\/\/agora.xtec.cat\/zerventsere\/wp-json\/wp\/v2\/posts\/6759","targetHints":{"allow":["GET"]}}],"collection":[{"href":"https:\/\/agora.xtec.cat\/zerventsere\/wp-json\/wp\/v2\/posts"}],"about":[{"href":"https:\/\/agora.xtec.cat\/zerventsere\/wp-json\/wp\/v2\/types\/post"}],"author":[{"embeddable":true,"href":"https:\/\/agora.xtec.cat\/zerventsere\/wp-json\/wp\/v2\/users\/1"}],"replies":[{"embeddable":true,"href":"https:\/\/agora.xtec.cat\/zerventsere\/wp-json\/wp\/v2\/comments?post=6759"}],"version-history":[{"count":6,"href":"https:\/\/agora.xtec.cat\/zerventsere\/wp-json\/wp\/v2\/posts\/6759\/revisions"}],"predecessor-version":[{"id":6765,"href":"https:\/\/agora.xtec.cat\/zerventsere\/wp-json\/wp\/v2\/posts\/6759\/revisions\/6765"}],"wp:attachment":[{"href":"https:\/\/agora.xtec.cat\/zerventsere\/wp-json\/wp\/v2\/media?parent=6759"}],"wp:term":[{"taxonomy":"category","embeddable":true,"href":"https:\/\/agora.xtec.cat\/zerventsere\/wp-json\/wp\/v2\/categories?post=6759"},{"taxonomy":"post_tag","embeddable":true,"href":"https:\/\/agora.xtec.cat\/zerventsere\/wp-json\/wp\/v2\/tags?post=6759"}],"curies":[{"name":"wp","href":"https:\/\/api.w.org\/{rel}","templated":true}]}}