{"id":6750,"date":"2025-05-05T11:22:35","date_gmt":"2025-05-05T09:22:35","guid":{"rendered":"https:\/\/agora.xtec.cat\/zerventsere\/?p=6750"},"modified":"2025-05-05T11:23:17","modified_gmt":"2025-05-05T09:23:17","slug":"sant-jordi","status":"publish","type":"post","link":"https:\/\/agora.xtec.cat\/zerventsere\/general\/sant-jordi\/","title":{"rendered":"SANT JORDI"},"content":{"rendered":"<p>El passat 23 d&#8217;abril les dues escoles de la Zer vam celebrar la diada de Sant Jordi amb alguna activitat especial.<\/p>\n<p>A banda de les manualitats que cada curs va elaborar, tamb\u00e9 vam gaudir d&#8217;activitats relacionades amb la literatura.<\/p>\n<p>A l&#8217;escola de Castellnou de Seana vam recitar poemes a la pla\u00e7a de l\u2019Ajuntament. Seguidament, l\u2019AFA i l\u2019ajuntament ens van obsequiar amb material literari. Tamb\u00e9 es va fer un reconeixement als patrocinadors del cartell de l\u2019hort escolar i finalment vam visitar la parada de llibres i roses. Volem agrair l\u2019esfor\u00e7 de l\u2019AFA i de l\u2019ajuntament per ajudar a enriquir la nostra biblioteca.<\/p>\n<p>A l&#8217;escola de Vila-sana vam fer recomanacions liter\u00e0ries. Cada alumne va portar, de casa, un llibre que s&#8217;havia llegit i li havia agradat molt i el va recomanar als companys i companyes de classe. Amb tots els llibres vam poder fer una petita exposici\u00f3 liter\u00e0ria a l&#8217;aula. Tamb\u00e9 vam aprofitar per visitar la parada de llibres de l&#8217;Associaci\u00f3 de Dones del poble i a la tarda l&#8217;AFA va muntar una parada de llibres de segona m\u00e0 i va oferir berenar a tot l&#8217;alumnat de l&#8217;escola.<\/p>\n<p><a href=\"https:\/\/agora.xtec.cat\/zerventsere\/wp-content\/uploads\/usu867\/2025\/04\/1746013870930-1.jpg\"><img loading=\"lazy\" decoding=\"async\" class=\"alignnone size-full wp-image-6753\" src=\"https:\/\/agora.xtec.cat\/zerventsere\/wp-content\/uploads\/usu867\/2025\/04\/1746013870930-1.jpg\" alt=\"\" width=\"448\" height=\"336\" \/><\/a><\/p>\n<p>&nbsp;<\/p>\n<p><a href=\"https:\/\/agora.xtec.cat\/zerventsere\/wp-content\/uploads\/usu867\/2025\/04\/IMG_5039.jpg\"><img loading=\"lazy\" decoding=\"async\" class=\"alignnone size-large wp-image-6752\" src=\"https:\/\/agora.xtec.cat\/zerventsere\/wp-content\/uploads\/usu867\/2025\/04\/IMG_5039.jpg\" alt=\"\" width=\"448\" height=\"336\" \/><\/a><\/p>\n<p>&nbsp;<\/p>\n","protected":false},"excerpt":{"rendered":"<p>El passat 23 d&#8217;abril les dues escoles de la Zer vam celebrar la diada de Sant Jordi amb alguna activitat especial.<br \/>\nA banda de les manualitats que cada curs va elaborar, tamb\u00e9 vam gaudir d&#8217;activitats relacionades amb la literatura.<br \/>\nA l&#8217;escola de Castellnou de Seana vam recitar&hellip;  <a href=\"https:\/\/agora.xtec.cat\/zerventsere\/general\/sant-jordi\/\" title=\"Read SANT JORDI\">Llegeix m\u00e9s\u00bb<\/a><\/p>\n","protected":false},"author":20,"featured_media":0,"comment_status":"open","ping_status":"closed","sticky":false,"template":"","format":"standard","meta":{"_bbp_topic_count":0,"_bbp_reply_count":0,"_bbp_total_topic_count":0,"_bbp_total_reply_count":0,"_bbp_voice_count":0,"_bbp_anonymous_reply_count":0,"_bbp_topic_count_hidden":0,"_bbp_reply_count_hidden":0,"_bbp_forum_subforum_count":0,"footnotes":""},"categories":[97,98,1,29],"tags":[],"class_list":["post-6750","post","type-post","status-publish","format-standard","hentry","category-educacio-infantil","category-educacio-primaria","category-general","category-portada"],"post_mailing_queue_ids":[],"_links":{"self":[{"href":"https:\/\/agora.xtec.cat\/zerventsere\/wp-json\/wp\/v2\/posts\/6750","targetHints":{"allow":["GET"]}}],"collection":[{"href":"https:\/\/agora.xtec.cat\/zerventsere\/wp-json\/wp\/v2\/posts"}],"about":[{"href":"https:\/\/agora.xtec.cat\/zerventsere\/wp-json\/wp\/v2\/types\/post"}],"author":[{"embeddable":true,"href":"https:\/\/agora.xtec.cat\/zerventsere\/wp-json\/wp\/v2\/users\/20"}],"replies":[{"embeddable":true,"href":"https:\/\/agora.xtec.cat\/zerventsere\/wp-json\/wp\/v2\/comments?post=6750"}],"version-history":[{"count":4,"href":"https:\/\/agora.xtec.cat\/zerventsere\/wp-json\/wp\/v2\/posts\/6750\/revisions"}],"predecessor-version":[{"id":6758,"href":"https:\/\/agora.xtec.cat\/zerventsere\/wp-json\/wp\/v2\/posts\/6750\/revisions\/6758"}],"wp:attachment":[{"href":"https:\/\/agora.xtec.cat\/zerventsere\/wp-json\/wp\/v2\/media?parent=6750"}],"wp:term":[{"taxonomy":"category","embeddable":true,"href":"https:\/\/agora.xtec.cat\/zerventsere\/wp-json\/wp\/v2\/categories?post=6750"},{"taxonomy":"post_tag","embeddable":true,"href":"https:\/\/agora.xtec.cat\/zerventsere\/wp-json\/wp\/v2\/tags?post=6750"}],"curies":[{"name":"wp","href":"https:\/\/api.w.org\/{rel}","templated":true}]}}