{"id":6735,"date":"2025-04-08T13:05:22","date_gmt":"2025-04-08T11:05:22","guid":{"rendered":"https:\/\/agora.xtec.cat\/zerventsere\/?p=6735"},"modified":"2025-04-08T13:19:17","modified_gmt":"2025-04-08T11:19:17","slug":"parlem-dinclusio","status":"publish","type":"post","link":"https:\/\/agora.xtec.cat\/zerventsere\/general\/parlem-dinclusio\/","title":{"rendered":"PARLEM D&#8217;INCLUSI\u00d3"},"content":{"rendered":"<p>Avui us presentem l&#8217;activitat que hem estat realitzant dins del programa Centres en Dansa per la inclusi\u00f3.<\/p>\n<p>Junts i juntes hem pensat i reflexionat sobre la inclusi\u00f3, treballant des de les nostres fortaleses i debilitats. Tamb\u00e9 hem pensat frases que hem penjat al passad\u00eds de l&#8217;escola i ens ajudaran a seguir treballant per fer del nostre centre un lloc m\u00e9s inclusiu.<\/p>\n<p>Ho podeu veure clicant <a href=\"https:\/\/www.canva.com\/design\/DAGj88wPHjs\/EB-XLTzkBvoq7eXXvdvkIA\/view?utm_content=DAGj88wPHjs&amp;utm_campaign=share_your_design&amp;utm_medium=link2&amp;utm_source=shareyourdesignpanel\">AQU\u00cd<\/a>! #centresendansaperlainclusio<\/p>\n","protected":false},"excerpt":{"rendered":"<p>Avui us presentem l&#8217;activitat que hem estat realitzant dins del programa Centres en Dansa per la inclusi\u00f3.<br \/>\nJunts i juntes hem pensat i reflexionat sobre la inclusi\u00f3, treballant des de les nostres fortaleses i debilitats. Tamb\u00e9 hem pensat frases que hem penjat al passad\u00eds de l&#8217;escola&hellip;  <a href=\"https:\/\/agora.xtec.cat\/zerventsere\/general\/parlem-dinclusio\/\" title=\"Read PARLEM D&#8217;INCLUSI\u00d3\">Llegeix m\u00e9s\u00bb<\/a><\/p>\n","protected":false},"author":50,"featured_media":0,"comment_status":"open","ping_status":"closed","sticky":false,"template":"","format":"standard","meta":{"_bbp_topic_count":0,"_bbp_reply_count":0,"_bbp_total_topic_count":0,"_bbp_total_reply_count":0,"_bbp_voice_count":0,"_bbp_anonymous_reply_count":0,"_bbp_topic_count_hidden":0,"_bbp_reply_count_hidden":0,"_bbp_forum_subforum_count":0,"footnotes":""},"categories":[1,29],"tags":[165],"class_list":["post-6735","post","type-post","status-publish","format-standard","hentry","category-general","category-portada","tag-centresendansaperlainclusio"],"post_mailing_queue_ids":[],"_links":{"self":[{"href":"https:\/\/agora.xtec.cat\/zerventsere\/wp-json\/wp\/v2\/posts\/6735","targetHints":{"allow":["GET"]}}],"collection":[{"href":"https:\/\/agora.xtec.cat\/zerventsere\/wp-json\/wp\/v2\/posts"}],"about":[{"href":"https:\/\/agora.xtec.cat\/zerventsere\/wp-json\/wp\/v2\/types\/post"}],"author":[{"embeddable":true,"href":"https:\/\/agora.xtec.cat\/zerventsere\/wp-json\/wp\/v2\/users\/50"}],"replies":[{"embeddable":true,"href":"https:\/\/agora.xtec.cat\/zerventsere\/wp-json\/wp\/v2\/comments?post=6735"}],"version-history":[{"count":1,"href":"https:\/\/agora.xtec.cat\/zerventsere\/wp-json\/wp\/v2\/posts\/6735\/revisions"}],"predecessor-version":[{"id":6736,"href":"https:\/\/agora.xtec.cat\/zerventsere\/wp-json\/wp\/v2\/posts\/6735\/revisions\/6736"}],"wp:attachment":[{"href":"https:\/\/agora.xtec.cat\/zerventsere\/wp-json\/wp\/v2\/media?parent=6735"}],"wp:term":[{"taxonomy":"category","embeddable":true,"href":"https:\/\/agora.xtec.cat\/zerventsere\/wp-json\/wp\/v2\/categories?post=6735"},{"taxonomy":"post_tag","embeddable":true,"href":"https:\/\/agora.xtec.cat\/zerventsere\/wp-json\/wp\/v2\/tags?post=6735"}],"curies":[{"name":"wp","href":"https:\/\/api.w.org\/{rel}","templated":true}]}}