{"id":6710,"date":"2025-03-11T19:42:11","date_gmt":"2025-03-11T18:42:11","guid":{"rendered":"https:\/\/agora.xtec.cat\/zerventsere\/?p=6710"},"modified":"2025-03-11T22:39:57","modified_gmt":"2025-03-11T21:39:57","slug":"participem-al-certamen-de-lectura-en-veu-alta","status":"publish","type":"post","link":"https:\/\/agora.xtec.cat\/zerventsere\/general\/participem-al-certamen-de-lectura-en-veu-alta\/","title":{"rendered":"PARTICIPEM AL CERTAMEN DE LECTURA EN VEU ALTA"},"content":{"rendered":"<p>El passat dilluns 10 de mar\u00e7 es va celebrar a Mollerussa al Teatre l&#8217;Amistat el XXI\u00e8 Certamen de Lectura en Veu Alta. Un projecte d&#8217;Enciclop\u00e8dia Catalana que t\u00e9 com a principal objectiu el de promoure la literatura i la llengua per mitj\u00e0 de la lectura en veu alta.<\/p>\n<p>Les representacions d&#8217;ambdues escoles de la ZER, van deixar el pavell\u00f3 molt alt. Van practicar de valent, tant a\u00a0 l&#8217;escola com a casa i va quedar evidenciat el dia de la celebraci\u00f3. El proper any hi tornarem i anirem practicant per tal de fomentar un bon h\u00e0bit lector entre l&#8217;alumnat. Un h\u00e0bit imprescindible pels \u00e8xits acad\u00e8mics i tamb\u00e9 per la vida. ZER Vent Ser\u00e8&#8230;endavant amb la lectura!!<\/p>\n<p><a href=\"https:\/\/serveiseducatius.xtec.cat\/pladurgell\/general\/xxi-certamen-de-lectura-en-veu-alta-semifinals-pla-durgell\/\">https:\/\/serveiseducatius.xtec.cat\/pladurgell\/general\/xxi-certamen-de-lectura-en-veu-alta-semifinals-pla-durgell\/<\/a><\/p>\n","protected":false},"excerpt":{"rendered":"<p>El passat dilluns 10 de mar\u00e7 es va celebrar a Mollerussa al Teatre l&#8217;Amistat el XXI\u00e8 Certamen de Lectura en Veu Alta. Un projecte d&#8217;Enciclop\u00e8dia Catalana que t\u00e9 com a principal objectiu el de promoure la literatura i la llengua per mitj\u00e0 de la lectura&hellip;  <a href=\"https:\/\/agora.xtec.cat\/zerventsere\/general\/participem-al-certamen-de-lectura-en-veu-alta\/\" title=\"Read PARTICIPEM AL CERTAMEN DE LECTURA EN VEU ALTA\">Llegeix m\u00e9s\u00bb<\/a><\/p>\n","protected":false},"author":6,"featured_media":0,"comment_status":"open","ping_status":"closed","sticky":false,"template":"","format":"standard","meta":{"_bbp_topic_count":0,"_bbp_reply_count":0,"_bbp_total_topic_count":0,"_bbp_total_reply_count":0,"_bbp_voice_count":0,"_bbp_anonymous_reply_count":0,"_bbp_topic_count_hidden":0,"_bbp_reply_count_hidden":0,"_bbp_forum_subforum_count":0,"footnotes":""},"categories":[1,29],"tags":[],"class_list":["post-6710","post","type-post","status-publish","format-standard","hentry","category-general","category-portada"],"post_mailing_queue_ids":[],"_links":{"self":[{"href":"https:\/\/agora.xtec.cat\/zerventsere\/wp-json\/wp\/v2\/posts\/6710","targetHints":{"allow":["GET"]}}],"collection":[{"href":"https:\/\/agora.xtec.cat\/zerventsere\/wp-json\/wp\/v2\/posts"}],"about":[{"href":"https:\/\/agora.xtec.cat\/zerventsere\/wp-json\/wp\/v2\/types\/post"}],"author":[{"embeddable":true,"href":"https:\/\/agora.xtec.cat\/zerventsere\/wp-json\/wp\/v2\/users\/6"}],"replies":[{"embeddable":true,"href":"https:\/\/agora.xtec.cat\/zerventsere\/wp-json\/wp\/v2\/comments?post=6710"}],"version-history":[{"count":6,"href":"https:\/\/agora.xtec.cat\/zerventsere\/wp-json\/wp\/v2\/posts\/6710\/revisions"}],"predecessor-version":[{"id":6721,"href":"https:\/\/agora.xtec.cat\/zerventsere\/wp-json\/wp\/v2\/posts\/6710\/revisions\/6721"}],"wp:attachment":[{"href":"https:\/\/agora.xtec.cat\/zerventsere\/wp-json\/wp\/v2\/media?parent=6710"}],"wp:term":[{"taxonomy":"category","embeddable":true,"href":"https:\/\/agora.xtec.cat\/zerventsere\/wp-json\/wp\/v2\/categories?post=6710"},{"taxonomy":"post_tag","embeddable":true,"href":"https:\/\/agora.xtec.cat\/zerventsere\/wp-json\/wp\/v2\/tags?post=6710"}],"curies":[{"name":"wp","href":"https:\/\/api.w.org\/{rel}","templated":true}]}}