{"id":6703,"date":"2025-02-24T13:43:10","date_gmt":"2025-02-24T12:43:10","guid":{"rendered":"https:\/\/agora.xtec.cat\/zerventsere\/?p=6703"},"modified":"2025-02-24T13:45:01","modified_gmt":"2025-02-24T12:45:01","slug":"torna-el-projecte-centres-en-dansa-per-la-inclusio","status":"publish","type":"post","link":"https:\/\/agora.xtec.cat\/zerventsere\/portada\/torna-el-projecte-centres-en-dansa-per-la-inclusio\/","title":{"rendered":"TORNA EL PROJECTE CENTRES EN DANSA PER LA INCLUSI\u00d3!"},"content":{"rendered":"<p>Aquest trimestre els alumnes de cicle mitj\u00e0 de l&#8217;escola Moss\u00e8n Ton Clav\u00e9 i els alumnes de cicle superior de l&#8217;escola l&#8217;Estel participem en el projecte Centres en Dansa per la Inclusi\u00f3. Un projecte que dona veu als alumnes i ens ajuda a reflexionar sobre la inclusi\u00f3 als nostres centres educatius.<\/p>\n<p>La primera activitat ha estat participar en diferents jocs cooperatius que ens permeten treballar la cohesi\u00f3 de grup i la participaci\u00f3 de tot l&#8217;alumnat per aconseguir un objectiu com\u00fa!<\/p>\n<p>En aquest enlla\u00e7 podreu veure un petit recull dels jocs que hem fet! <a href=\"https:\/\/www.canva.com\/design\/DAGfvMOppUo\/uzzrc38Mv3QceO2araS_9g\/edit?utm_content=DAGfvMOppUo&amp;utm_campaign=designshare&amp;utm_medium=link2&amp;utm_source=sharebutton\">CLICA AQU\u00cd<\/a>!#centresendansaperlainclusio<\/p>\n<p>&nbsp;<\/p>\n","protected":false},"excerpt":{"rendered":"<p>Aquest trimestre els alumnes de cicle mitj\u00e0 de l&#8217;escola Moss\u00e8n Ton Clav\u00e9 i els alumnes de cicle superior de l&#8217;escola l&#8217;Estel participem en el projecte Centres en Dansa per la Inclusi\u00f3. Un projecte que dona veu als alumnes i ens ajuda a reflexionar sobre la&hellip;  <a href=\"https:\/\/agora.xtec.cat\/zerventsere\/portada\/torna-el-projecte-centres-en-dansa-per-la-inclusio\/\" title=\"Read TORNA EL PROJECTE CENTRES EN DANSA PER LA INCLUSI\u00d3!\">Llegeix m\u00e9s\u00bb<\/a><\/p>\n","protected":false},"author":50,"featured_media":0,"comment_status":"open","ping_status":"closed","sticky":false,"template":"","format":"standard","meta":{"_bbp_topic_count":0,"_bbp_reply_count":0,"_bbp_total_topic_count":0,"_bbp_total_reply_count":0,"_bbp_voice_count":0,"_bbp_anonymous_reply_count":0,"_bbp_topic_count_hidden":0,"_bbp_reply_count_hidden":0,"_bbp_forum_subforum_count":0,"footnotes":""},"categories":[166,29],"tags":[165],"class_list":["post-6703","post","type-post","status-publish","format-standard","hentry","category-centres-en-dansa-per-la-inclusio","category-portada","tag-centresendansaperlainclusio"],"post_mailing_queue_ids":[],"_links":{"self":[{"href":"https:\/\/agora.xtec.cat\/zerventsere\/wp-json\/wp\/v2\/posts\/6703","targetHints":{"allow":["GET"]}}],"collection":[{"href":"https:\/\/agora.xtec.cat\/zerventsere\/wp-json\/wp\/v2\/posts"}],"about":[{"href":"https:\/\/agora.xtec.cat\/zerventsere\/wp-json\/wp\/v2\/types\/post"}],"author":[{"embeddable":true,"href":"https:\/\/agora.xtec.cat\/zerventsere\/wp-json\/wp\/v2\/users\/50"}],"replies":[{"embeddable":true,"href":"https:\/\/agora.xtec.cat\/zerventsere\/wp-json\/wp\/v2\/comments?post=6703"}],"version-history":[{"count":3,"href":"https:\/\/agora.xtec.cat\/zerventsere\/wp-json\/wp\/v2\/posts\/6703\/revisions"}],"predecessor-version":[{"id":6707,"href":"https:\/\/agora.xtec.cat\/zerventsere\/wp-json\/wp\/v2\/posts\/6703\/revisions\/6707"}],"wp:attachment":[{"href":"https:\/\/agora.xtec.cat\/zerventsere\/wp-json\/wp\/v2\/media?parent=6703"}],"wp:term":[{"taxonomy":"category","embeddable":true,"href":"https:\/\/agora.xtec.cat\/zerventsere\/wp-json\/wp\/v2\/categories?post=6703"},{"taxonomy":"post_tag","embeddable":true,"href":"https:\/\/agora.xtec.cat\/zerventsere\/wp-json\/wp\/v2\/tags?post=6703"}],"curies":[{"name":"wp","href":"https:\/\/api.w.org\/{rel}","templated":true}]}}