{"id":6691,"date":"2025-02-17T19:29:31","date_gmt":"2025-02-17T18:29:31","guid":{"rendered":"https:\/\/agora.xtec.cat\/zerventsere\/?p=6691"},"modified":"2025-02-17T19:32:37","modified_gmt":"2025-02-17T18:32:37","slug":"sortida-a-lleida-educacio-infantil","status":"publish","type":"post","link":"https:\/\/agora.xtec.cat\/zerventsere\/general\/sortida-a-lleida-educacio-infantil\/","title":{"rendered":"SORTIDA A LLEIDA (EDUCACI\u00d3 INFANTIL)"},"content":{"rendered":"<p style=\"text-align: left;\">El passat dimecres l\u2019alumnat d\u2019educaci\u00f3 infantil de la ZER vam fer una sortida a Lleida. Aprofitant que som les classes dels gegants i capgrossos vam visitar la <strong>Casa dels Gegants<\/strong>. All\u00ed vam poder veure de ben a prop com s\u00f3n els gegants i els capgrossos. Despr\u00e9s d&#8217;esmorzar vam anar a la <strong>Biblioteca P\u00fablica<\/strong>, on vam gaudir una estona de la m\u00e0gia dels contes i per acabar vam anar al <strong>Mamba Parc<\/strong> on despr\u00e9s de dinar vam poder compartir jocs i rialles. Ens ho vam passar genial!<\/p>\n<p><img loading=\"lazy\" decoding=\"async\" class=\"alignleft size-medium wp-image-6693\" src=\"https:\/\/agora.xtec.cat\/zerventsere\/wp-content\/uploads\/usu867\/2025\/02\/1739620543251-300x169.jpg\" alt=\"\" width=\"300\" height=\"169\" \/><img loading=\"lazy\" decoding=\"async\" class=\"alignleft size-medium wp-image-6692\" src=\"https:\/\/agora.xtec.cat\/zerventsere\/wp-content\/uploads\/usu867\/2025\/02\/1739623955733-300x169.jpg\" alt=\"\" width=\"300\" height=\"169\" \/><img loading=\"lazy\" decoding=\"async\" class=\"alignleft size-medium wp-image-6696\" src=\"https:\/\/agora.xtec.cat\/zerventsere\/wp-content\/uploads\/usu867\/2025\/02\/1739623245536-1-300x132.jpg\" alt=\"\" width=\"300\" height=\"132\" \/><img loading=\"lazy\" decoding=\"async\" class=\"alignleft size-medium wp-image-6697\" src=\"https:\/\/agora.xtec.cat\/zerventsere\/wp-content\/uploads\/usu867\/2025\/02\/1739630017964-300x132.jpg\" alt=\"\" width=\"300\" height=\"132\" \/><\/p>\n","protected":false},"excerpt":{"rendered":"<p>El passat dimecres l\u2019alumnat d\u2019educaci\u00f3 infantil de la ZER vam fer una sortida a Lleida. Aprofitant que som les classes dels gegants i capgrossos vam visitar la Casa dels Gegants. All\u00ed vam poder veure de ben a prop com s\u00f3n els gegants i els capgrossos.&hellip;  <a href=\"https:\/\/agora.xtec.cat\/zerventsere\/general\/sortida-a-lleida-educacio-infantil\/\" title=\"Read SORTIDA A LLEIDA (EDUCACI\u00d3 INFANTIL)\">Llegeix m\u00e9s\u00bb<\/a><\/p>\n","protected":false},"author":10,"featured_media":0,"comment_status":"open","ping_status":"closed","sticky":false,"template":"","format":"standard","meta":{"_bbp_topic_count":0,"_bbp_reply_count":0,"_bbp_total_topic_count":0,"_bbp_total_reply_count":0,"_bbp_voice_count":0,"_bbp_anonymous_reply_count":0,"_bbp_topic_count_hidden":0,"_bbp_reply_count_hidden":0,"_bbp_forum_subforum_count":0,"footnotes":""},"categories":[97,1,29],"tags":[39],"class_list":["post-6691","post","type-post","status-publish","format-standard","hentry","category-educacio-infantil","category-general","category-portada","tag-sortides"],"post_mailing_queue_ids":[],"_links":{"self":[{"href":"https:\/\/agora.xtec.cat\/zerventsere\/wp-json\/wp\/v2\/posts\/6691","targetHints":{"allow":["GET"]}}],"collection":[{"href":"https:\/\/agora.xtec.cat\/zerventsere\/wp-json\/wp\/v2\/posts"}],"about":[{"href":"https:\/\/agora.xtec.cat\/zerventsere\/wp-json\/wp\/v2\/types\/post"}],"author":[{"embeddable":true,"href":"https:\/\/agora.xtec.cat\/zerventsere\/wp-json\/wp\/v2\/users\/10"}],"replies":[{"embeddable":true,"href":"https:\/\/agora.xtec.cat\/zerventsere\/wp-json\/wp\/v2\/comments?post=6691"}],"version-history":[{"count":2,"href":"https:\/\/agora.xtec.cat\/zerventsere\/wp-json\/wp\/v2\/posts\/6691\/revisions"}],"predecessor-version":[{"id":6702,"href":"https:\/\/agora.xtec.cat\/zerventsere\/wp-json\/wp\/v2\/posts\/6691\/revisions\/6702"}],"wp:attachment":[{"href":"https:\/\/agora.xtec.cat\/zerventsere\/wp-json\/wp\/v2\/media?parent=6691"}],"wp:term":[{"taxonomy":"category","embeddable":true,"href":"https:\/\/agora.xtec.cat\/zerventsere\/wp-json\/wp\/v2\/categories?post=6691"},{"taxonomy":"post_tag","embeddable":true,"href":"https:\/\/agora.xtec.cat\/zerventsere\/wp-json\/wp\/v2\/tags?post=6691"}],"curies":[{"name":"wp","href":"https:\/\/api.w.org\/{rel}","templated":true}]}}