{"id":9426,"date":"2026-03-07T17:11:20","date_gmt":"2026-03-07T16:11:20","guid":{"rendered":"https:\/\/agora.xtec.cat\/zerterraaltanord\/?p=9426"},"modified":"2026-03-07T18:39:40","modified_gmt":"2026-03-07T17:39:40","slug":"trobada-zer-a-la-pobla-de-massaluca","status":"publish","type":"post","link":"https:\/\/agora.xtec.cat\/zerterraaltanord\/general\/trobada-zer-a-la-pobla-de-massaluca\/","title":{"rendered":"Trobada Zer a La Pobla de Massaluca"},"content":{"rendered":"<p class=\"isSelectedEnd\">Durant aquesta setmana hem estat treballant la Setmana Cultural amb el tema de l\u2019astronomia. Despr\u00e9s de realitzar diferents activitats, hem fet la cloenda amb la trobada de ZER, que aquest any s\u2019ha celebrat a l\u2019escola de la Pobla.<\/p>\n<p class=\"isSelectedEnd\">Volem compartir amb tots vosaltres com de b\u00e9 ens ho vam passar i agrair a l\u2019Ajuntament i a l\u2019AFA de la Pobla la seva disposici\u00f3 i col\u00b7laboraci\u00f3.<\/p>\n<p class=\"isSelectedEnd\">A m\u00e9s, tamb\u00e9 volem donar les gr\u00e0cies a les fam\u00edlies per oferir-nos els seus cotxes per poder realitzar el trasllat d\u2019alumnes i mestres fins al casal.<\/p>\n<p>Ara nom\u00e9s toca dir que la propera trobada ser\u00e0 a l\u2019escola de Vilalba!<\/p>\n<p><a href=\".\/fotos-zer-2025-2026\"><img loading=\"lazy\" decoding=\"async\" class=\"alignnone wp-image-9427\" src=\"https:\/\/agora.xtec.cat\/zerterraaltanord\/wp-content\/uploads\/usu1521\/2026\/03\/WhatsApp-Image-2026-03-07-at-15.42.05-1024x576.jpeg\" alt=\"\" width=\"238\" height=\"134\" srcset=\"https:\/\/agora.xtec.cat\/zerterraaltanord\/wp-content\/uploads\/usu1521\/2026\/03\/WhatsApp-Image-2026-03-07-at-15.42.05-1024x576.jpeg 1024w, https:\/\/agora.xtec.cat\/zerterraaltanord\/wp-content\/uploads\/usu1521\/2026\/03\/WhatsApp-Image-2026-03-07-at-15.42.05-300x169.jpeg 300w, https:\/\/agora.xtec.cat\/zerterraaltanord\/wp-content\/uploads\/usu1521\/2026\/03\/WhatsApp-Image-2026-03-07-at-15.42.05-768x432.jpeg 768w, https:\/\/agora.xtec.cat\/zerterraaltanord\/wp-content\/uploads\/usu1521\/2026\/03\/WhatsApp-Image-2026-03-07-at-15.42.05-1536x864.jpeg 1536w, https:\/\/agora.xtec.cat\/zerterraaltanord\/wp-content\/uploads\/usu1521\/2026\/03\/WhatsApp-Image-2026-03-07-at-15.42.05.jpeg 2048w\" sizes=\"auto, (max-width: 238px) 100vw, 238px\" \/><\/a><\/p>\n","protected":false},"excerpt":{"rendered":"<p>Durant aquesta setmana hem estat treballant la Setmana Cultural amb el tema de l\u2019astronomia. Despr\u00e9s de realitzar diferents activitat&#8230;&#8230;&#8230;<\/p>\n","protected":false},"author":45,"featured_media":9427,"comment_status":"open","ping_status":"open","sticky":false,"template":"","format":"standard","meta":{"_bbp_topic_count":0,"_bbp_reply_count":0,"_bbp_total_topic_count":0,"_bbp_total_reply_count":0,"_bbp_voice_count":0,"_bbp_anonymous_reply_count":0,"_bbp_topic_count_hidden":0,"_bbp_reply_count_hidden":0,"_bbp_forum_subforum_count":0,"site-sidebar-layout":"default","site-content-layout":"","ast-site-content-layout":"default","site-content-style":"default","site-sidebar-style":"default","ast-global-header-display":"","ast-banner-title-visibility":"","ast-main-header-display":"","ast-hfb-above-header-display":"","ast-hfb-below-header-display":"","ast-hfb-mobile-header-display":"","site-post-title":"","ast-breadcrumbs-content":"","ast-featured-img":"","footer-sml-layout":"","theme-transparent-header-meta":"default","adv-header-id-meta":"","stick-header-meta":"","header-above-stick-meta":"","header-main-stick-meta":"","header-below-stick-meta":"","astra-migrate-meta-layouts":"set","ast-page-background-enabled":"default","ast-page-background-meta":{"desktop":{"background-color":"var(--ast-global-color-4)","background-image":"","background-repeat":"repeat","background-position":"center center","background-size":"auto","background-attachment":"scroll","background-type":"","background-media":"","overlay-type":"","overlay-color":"","overlay-opacity":"","overlay-gradient":""},"tablet":{"background-color":"","background-image":"","background-repeat":"repeat","background-position":"center center","background-size":"auto","background-attachment":"scroll","background-type":"","background-media":"","overlay-type":"","overlay-color":"","overlay-opacity":"","overlay-gradient":""},"mobile":{"background-color":"","background-image":"","background-repeat":"repeat","background-position":"center center","background-size":"auto","background-attachment":"scroll","background-type":"","background-media":"","overlay-type":"","overlay-color":"","overlay-opacity":"","overlay-gradient":""}},"ast-content-background-meta":{"desktop":{"background-color":"var(--ast-global-color-5)","background-image":"","background-repeat":"repeat","background-position":"center center","background-size":"auto","background-attachment":"scroll","background-type":"","background-media":"","overlay-type":"","overlay-color":"","overlay-opacity":"","overlay-gradient":""},"tablet":{"background-color":"var(--ast-global-color-5)","background-image":"","background-repeat":"repeat","background-position":"center center","background-size":"auto","background-attachment":"scroll","background-type":"","background-media":"","overlay-type":"","overlay-color":"","overlay-opacity":"","overlay-gradient":""},"mobile":{"background-color":"var(--ast-global-color-5)","background-image":"","background-repeat":"repeat","background-position":"center center","background-size":"auto","background-attachment":"scroll","background-type":"","background-media":"","overlay-type":"","overlay-color":"","overlay-opacity":"","overlay-gradient":""}},"footnotes":""},"categories":[59,69,68,1,29],"tags":[],"class_list":["post-9426","post","type-post","status-publish","format-standard","has-post-thumbnail","hentry","category-escola-fatarella","category-escola-la-pobla","category-escola-vilalba","category-general","category-portada"],"post_mailing_queue_ids":[],"_links":{"self":[{"href":"https:\/\/agora.xtec.cat\/zerterraaltanord\/wp-json\/wp\/v2\/posts\/9426","targetHints":{"allow":["GET"]}}],"collection":[{"href":"https:\/\/agora.xtec.cat\/zerterraaltanord\/wp-json\/wp\/v2\/posts"}],"about":[{"href":"https:\/\/agora.xtec.cat\/zerterraaltanord\/wp-json\/wp\/v2\/types\/post"}],"author":[{"embeddable":true,"href":"https:\/\/agora.xtec.cat\/zerterraaltanord\/wp-json\/wp\/v2\/users\/45"}],"replies":[{"embeddable":true,"href":"https:\/\/agora.xtec.cat\/zerterraaltanord\/wp-json\/wp\/v2\/comments?post=9426"}],"version-history":[{"count":1,"href":"https:\/\/agora.xtec.cat\/zerterraaltanord\/wp-json\/wp\/v2\/posts\/9426\/revisions"}],"predecessor-version":[{"id":9430,"href":"https:\/\/agora.xtec.cat\/zerterraaltanord\/wp-json\/wp\/v2\/posts\/9426\/revisions\/9430"}],"wp:featuredmedia":[{"embeddable":true,"href":"https:\/\/agora.xtec.cat\/zerterraaltanord\/wp-json\/wp\/v2\/media\/9427"}],"wp:attachment":[{"href":"https:\/\/agora.xtec.cat\/zerterraaltanord\/wp-json\/wp\/v2\/media?parent=9426"}],"wp:term":[{"taxonomy":"category","embeddable":true,"href":"https:\/\/agora.xtec.cat\/zerterraaltanord\/wp-json\/wp\/v2\/categories?post=9426"},{"taxonomy":"post_tag","embeddable":true,"href":"https:\/\/agora.xtec.cat\/zerterraaltanord\/wp-json\/wp\/v2\/tags?post=9426"}],"curies":[{"name":"wp","href":"https:\/\/api.w.org\/{rel}","templated":true}]}}