{"id":942,"date":"2016-03-30T08:53:24","date_gmt":"2016-03-30T07:53:24","guid":{"rendered":"http:\/\/agora.xtec.cat\/zerriuondara\/?p=942"},"modified":"2016-03-31T07:47:34","modified_gmt":"2016-03-31T06:47:34","slug":"els-tallers-a-cicle-superior-de-tornabous","status":"publish","type":"post","link":"https:\/\/agora.xtec.cat\/zerriuondara\/escola-espigol\/els-tallers-a-cicle-superior-de-tornabous\/","title":{"rendered":"Els Tallers a Cicle Superior de Tornabous"},"content":{"rendered":"<p>Durant la setmana cultural hem realitzat tot un seguit de tallers for\u00e7a interessants:<br \/>\nEl taller dels &#8220;gegants i capgrossos&#8221; que vam fer el dia de l&#8217;Animaci\u00f3 gr\u00e0cies a la col.laboraci\u00f3 del Nando.<br \/>\nEl &#8220;Explica&#8217;ns, com et va?&#8221; on una ex-alumna de l&#8217;escola, la No\u00e8lia Solans, ens va explicar la seva traject\u00f2ria des de l&#8217;escola fins arribar al m\u00f3n del treball.<br \/>\nLa confer\u00e8ncia &#8220;D\u00f3na sang, d\u00f3na vida&#8221; en la qual vam aprendre el perqu\u00e8 hi ha el banc de sang i la import\u00e0ncia de donar-ne, gr\u00e0cies a les explicacions del Sr. David Torra, la Sra Angeleta i la Sra Tresina.<br \/>\nLa sortida a plantar les alzines, el conte de l&#8217;\u00d2scar, el nostre aprenent&#8230;<br \/>\nNom\u00e9s dir-vos que vam qualificar els diferents tallers amb paraules com:<br \/>\nExcepcionals, divertits, curiosos, impressionants, fant\u00e0stics, genials, interessants&#8230;<br \/>\nEns ho vam passar molt b\u00e9!!!<\/p>\n<p><embed type=\"application\/x-shockwave-flash\" src=\"https:\/\/photos.gstatic.com\/media\/slideshow.swf\" width=\"600\" height=\"400\" flashvars=\"host=picasaweb.google.com&#038;hl=es&#038;feat=flashalbum&#038;RGB=0x000000&#038;feed=https%3A%2F%2Fpicasaweb.google.com%2Fdata%2Ffeed%2Fapi%2Fuser%2F103026504849709650447%2Falbumid%2F6267745967632123121%3Falt%3Drss%26kind%3Dphoto%26hl%3Des\" \n\n<\/p>\n","protected":false},"excerpt":{"rendered":"<p>Durant la setmana cultural hem realitzat tot un seguit de tallers for\u00e7a interessants:<br \/>\nEl taller dels &#8220;gegants i capgrossos&#8221; que vam fer el dia de l&#8217;Animaci\u00f3 gr\u00e0cies a la col.laboraci\u00f3 del Nando.<br \/>\nEl &#8220;Explica&#8217;ns, com et va?&#8221; on una ex-alumna de l&#8217;escola, la No\u00e8lia Solans, ens va&hellip;  <a href=\"https:\/\/agora.xtec.cat\/zerriuondara\/escola-espigol\/els-tallers-a-cicle-superior-de-tornabous\/\" title=\"Read Els Tallers a Cicle Superior de Tornabous\">Llegeix m\u00e9s\u00bb<\/a><\/p>\n","protected":false},"author":1,"featured_media":0,"comment_status":"open","ping_status":"open","sticky":false,"template":"","format":"standard","meta":{"_bbp_topic_count":0,"_bbp_reply_count":0,"_bbp_total_topic_count":0,"_bbp_total_reply_count":0,"_bbp_voice_count":0,"_bbp_anonymous_reply_count":0,"_bbp_topic_count_hidden":0,"_bbp_reply_count_hidden":0,"_bbp_forum_subforum_count":0,"footnotes":""},"categories":[86,95,69],"tags":[],"class_list":["post-942","post","type-post","status-publish","format-standard","hentry","category-superior-espigol","category-curs15-16","category-escola-espigol"],"post_mailing_queue_ids":[],"_links":{"self":[{"href":"https:\/\/agora.xtec.cat\/zerriuondara\/wp-json\/wp\/v2\/posts\/942","targetHints":{"allow":["GET"]}}],"collection":[{"href":"https:\/\/agora.xtec.cat\/zerriuondara\/wp-json\/wp\/v2\/posts"}],"about":[{"href":"https:\/\/agora.xtec.cat\/zerriuondara\/wp-json\/wp\/v2\/types\/post"}],"author":[{"embeddable":true,"href":"https:\/\/agora.xtec.cat\/zerriuondara\/wp-json\/wp\/v2\/users\/1"}],"replies":[{"embeddable":true,"href":"https:\/\/agora.xtec.cat\/zerriuondara\/wp-json\/wp\/v2\/comments?post=942"}],"version-history":[{"count":3,"href":"https:\/\/agora.xtec.cat\/zerriuondara\/wp-json\/wp\/v2\/posts\/942\/revisions"}],"predecessor-version":[{"id":949,"href":"https:\/\/agora.xtec.cat\/zerriuondara\/wp-json\/wp\/v2\/posts\/942\/revisions\/949"}],"wp:attachment":[{"href":"https:\/\/agora.xtec.cat\/zerriuondara\/wp-json\/wp\/v2\/media?parent=942"}],"wp:term":[{"taxonomy":"category","embeddable":true,"href":"https:\/\/agora.xtec.cat\/zerriuondara\/wp-json\/wp\/v2\/categories?post=942"},{"taxonomy":"post_tag","embeddable":true,"href":"https:\/\/agora.xtec.cat\/zerriuondara\/wp-json\/wp\/v2\/tags?post=942"}],"curies":[{"name":"wp","href":"https:\/\/api.w.org\/{rel}","templated":true}]}}