{"id":8066,"date":"2026-04-29T13:48:19","date_gmt":"2026-04-29T11:48:19","guid":{"rendered":"https:\/\/agora.xtec.cat\/zerriuondara\/?p=8066"},"modified":"2026-04-29T13:48:19","modified_gmt":"2026-04-29T11:48:19","slug":"animacio-a-la-lectura-trobada-de-zer","status":"publish","type":"post","link":"https:\/\/agora.xtec.cat\/zerriuondara\/general-espigol\/animacio-a-la-lectura-trobada-de-zer\/","title":{"rendered":"ANIMACI\u00d3 A LA LECTURA (TROBADA DE ZER)"},"content":{"rendered":"<p data-start=\"112\" data-end=\"158\"><strong data-start=\"112\" data-end=\"158\">Una jornada plena de poesia, art i misteri<\/strong><\/p>\n<p data-start=\"160\" data-end=\"395\">Avui a l\u2019escola hem viscut una jornada molt especial al voltant del m\u00f3n dels ocells i la literatura. El dia ha comen\u00e7at amb un repte: ajudar un ocell molt particular, fet d\u2019hist\u00f2ries i paraules, que havia desaparegut de la seva caseta.<\/p>\n<p data-start=\"397\" data-end=\"813\">Al llarg del mat\u00ed, els infants s\u2019han endinsat en el llibre <em data-start=\"456\" data-end=\"472\">Poble d\u2019ocells<\/em>, descobrint un univers ple de colors, imatges i poemes. A partir d\u2019aquesta inspiraci\u00f3, s\u2019han convertit en poetes i artistes, creant noves p\u00e0gines per al llibre dedicades al pit-roig i al mussol com\u00fa. A m\u00e9s, han tingut l\u2019oportunitat de participar en tallers amb els creadors de l\u2019obra, que els han ajudat a con\u00e8ixer millor el proc\u00e9s creatiu.<\/p>\n<p data-start=\"815\" data-end=\"1039\">A la tarda, la jornada ha continuat amb una gimcana plena de proves i enigmes relacionats amb els ocells. Treballant en equip, els infants han anat superant reptes i recollint pistes fins a descobrir una frase secreta final.<\/p>\n<p data-start=\"1041\" data-end=\"1187\">Ha estat un dia intens, creatiu i molt enriquidor, en qu\u00e8 la imaginaci\u00f3, la col\u00b7laboraci\u00f3 i l\u2019amor pels llibres han estat els grans protagonistes.<\/p>\n<p data-start=\"1041\" data-end=\"1187\">Podeu veure totes les fotos de la jornada <a href=\"https:\/\/drive.google.com\/drive\/folders\/19yDJUS4z9KWD9ZvbT7dSLwqK8I4uiwss?usp=drive_link\">AQU\u00cd<\/a><\/p>\n<p style=\"text-align: center\" data-start=\"1041\" data-end=\"1187\"><a href=\"https:\/\/agora.xtec.cat\/zerriuondara\/wp-content\/uploads\/usu561\/2026\/04\/IMG_2511.jpg\"><img loading=\"lazy\" decoding=\"async\" class=\"alignnone size-full wp-image-8067\" src=\"https:\/\/agora.xtec.cat\/zerriuondara\/wp-content\/uploads\/usu561\/2026\/04\/IMG_2511.jpg\" alt=\"\" width=\"600\" height=\"450\" srcset=\"https:\/\/agora.xtec.cat\/zerriuondara\/wp-content\/uploads\/usu561\/2026\/04\/IMG_2511.jpg 600w, https:\/\/agora.xtec.cat\/zerriuondara\/wp-content\/uploads\/usu561\/2026\/04\/IMG_2511-300x225.jpg 300w, https:\/\/agora.xtec.cat\/zerriuondara\/wp-content\/uploads\/usu561\/2026\/04\/IMG_2511-200x150.jpg 200w\" sizes=\"auto, (max-width: 600px) 100vw, 600px\" \/><\/a><\/p>\n","protected":false},"excerpt":{"rendered":"<p>Una jornada plena de poesia, art i misteri<br \/>\nAvui a l\u2019escola hem viscut una jornada molt especial al voltant del m\u00f3n dels ocells i la literatura. El dia ha comen\u00e7at amb un repte: ajudar un ocell molt particular, fet d\u2019hist\u00f2ries i paraules, que havia desaparegut de&hellip;  <a href=\"https:\/\/agora.xtec.cat\/zerriuondara\/general-espigol\/animacio-a-la-lectura-trobada-de-zer\/\" title=\"Read ANIMACI\u00d3 A LA LECTURA (TROBADA DE ZER)\">Llegeix m\u00e9s\u00bb<\/a><\/p>\n","protected":false},"author":33,"featured_media":8067,"comment_status":"open","ping_status":"open","sticky":false,"template":"","format":"standard","meta":{"_bbp_topic_count":0,"_bbp_reply_count":0,"_bbp_total_topic_count":0,"_bbp_total_reply_count":0,"_bbp_voice_count":0,"_bbp_anonymous_reply_count":0,"_bbp_topic_count_hidden":0,"_bbp_reply_count_hidden":0,"_bbp_forum_subforum_count":0,"footnotes":""},"categories":[89,64,85,65,86,66,152,69,59,1,131,154,132,153,87,93,96,97,88,92,94],"tags":[],"class_list":["post-8066","post","type-post","status-publish","format-standard","has-post-thumbnail","hentry","category-inicial-espigol","category-inicial-sant-roc","category-mitja-espigol","category-mitja-sant-roc","category-superior-espigol","category-superior-sant-roc","category-curs25-26","category-escola-espigol","category-escola-st-roc","category-general-espigol","category-p1-espigol","category-i1-sant-roc","category-p2-espigol","category-i2-sant-roc","category-p3-espigol","category-p3-st-roc","category-p4-espigol","category-p4-sant-roc","category-p5-espigol","category-p5-st-roc","category-portada"],"post_mailing_queue_ids":[],"_links":{"self":[{"href":"https:\/\/agora.xtec.cat\/zerriuondara\/wp-json\/wp\/v2\/posts\/8066","targetHints":{"allow":["GET"]}}],"collection":[{"href":"https:\/\/agora.xtec.cat\/zerriuondara\/wp-json\/wp\/v2\/posts"}],"about":[{"href":"https:\/\/agora.xtec.cat\/zerriuondara\/wp-json\/wp\/v2\/types\/post"}],"author":[{"embeddable":true,"href":"https:\/\/agora.xtec.cat\/zerriuondara\/wp-json\/wp\/v2\/users\/33"}],"replies":[{"embeddable":true,"href":"https:\/\/agora.xtec.cat\/zerriuondara\/wp-json\/wp\/v2\/comments?post=8066"}],"version-history":[{"count":1,"href":"https:\/\/agora.xtec.cat\/zerriuondara\/wp-json\/wp\/v2\/posts\/8066\/revisions"}],"predecessor-version":[{"id":8068,"href":"https:\/\/agora.xtec.cat\/zerriuondara\/wp-json\/wp\/v2\/posts\/8066\/revisions\/8068"}],"wp:featuredmedia":[{"embeddable":true,"href":"https:\/\/agora.xtec.cat\/zerriuondara\/wp-json\/wp\/v2\/media\/8067"}],"wp:attachment":[{"href":"https:\/\/agora.xtec.cat\/zerriuondara\/wp-json\/wp\/v2\/media?parent=8066"}],"wp:term":[{"taxonomy":"category","embeddable":true,"href":"https:\/\/agora.xtec.cat\/zerriuondara\/wp-json\/wp\/v2\/categories?post=8066"},{"taxonomy":"post_tag","embeddable":true,"href":"https:\/\/agora.xtec.cat\/zerriuondara\/wp-json\/wp\/v2\/tags?post=8066"}],"curies":[{"name":"wp","href":"https:\/\/api.w.org\/{rel}","templated":true}]}}