{"id":8025,"date":"2026-03-29T18:44:20","date_gmt":"2026-03-29T16:44:20","guid":{"rendered":"https:\/\/agora.xtec.cat\/zerriuondara\/?p=8025"},"modified":"2026-03-29T18:44:20","modified_gmt":"2026-03-29T16:44:20","slug":"aixi-hem-viscut-el-darrer-dia-del-2n-trimestre","status":"publish","type":"post","link":"https:\/\/agora.xtec.cat\/zerriuondara\/general-espigol\/aixi-hem-viscut-el-darrer-dia-del-2n-trimestre\/","title":{"rendered":"Aix\u00ed hem viscut el darrer dia del 2n trimestre"},"content":{"rendered":"<p data-start=\"0\" data-end=\"238\"><a href=\"https:\/\/agora.xtec.cat\/zerriuondara\/wp-content\/uploads\/usu561\/2026\/03\/IMG_8934-scaled.jpg\"><img loading=\"lazy\" decoding=\"async\" class=\"aligncenter  wp-image-8035\" src=\"https:\/\/agora.xtec.cat\/zerriuondara\/wp-content\/uploads\/usu561\/2026\/03\/IMG_8934-1024x851.jpg\" alt=\"\" width=\"297\" height=\"247\" srcset=\"https:\/\/agora.xtec.cat\/zerriuondara\/wp-content\/uploads\/usu561\/2026\/03\/IMG_8934-1024x851.jpg 1024w, https:\/\/agora.xtec.cat\/zerriuondara\/wp-content\/uploads\/usu561\/2026\/03\/IMG_8934-300x250.jpg 300w, https:\/\/agora.xtec.cat\/zerriuondara\/wp-content\/uploads\/usu561\/2026\/03\/IMG_8934-768x638.jpg 768w, https:\/\/agora.xtec.cat\/zerriuondara\/wp-content\/uploads\/usu561\/2026\/03\/IMG_8934-1536x1277.jpg 1536w, https:\/\/agora.xtec.cat\/zerriuondara\/wp-content\/uploads\/usu561\/2026\/03\/IMG_8934-2048x1703.jpg 2048w\" sizes=\"auto, (max-width: 297px) 100vw, 297px\" \/><\/a><\/p>\n<p data-start=\"0\" data-end=\"238\">Avui, els alumnes de l&#8217;escola han viscut un dia ple d\u2019activitats i diversi\u00f3 a l&#8217;escola i\u00a0 al Parc del Reguer. Al mat\u00ed, han participat en un &#8220;Taller de papallones&#8221; organitzat pels t\u00e8cnics de la Reserva Natural de Mas de Melons i <span class=\"hover:entity-accent entity-underline inline cursor-pointer align-baseline\"><span class=\"whitespace-normal\">Secants de Lleida<\/span><\/span>, on han apr\u00e8s curiositats sobre aquests insectes i el seu entorn. Aquest taller ha complementat el taller sobre les \u00d2smies del curs passat, que tan d&#8217;\u00e8xit va tenir al nostre Parc, a l&#8217;hora de millorar la seva biodiversitat.<\/p>\n<p data-start=\"240\" data-end=\"436\" data-is-last-node=\"\" data-is-only-node=\"\">Mentre ens esper\u00e0vem que ens arrib\u00e9s l&#8217;hora de fer el taller, els infants\u00a0 han decorat les seves mones i han pintat un mural col.laboratiu d&#8217;un ou de Pasqua.\u00a0 A la tarda, les hem gaudit plegats amb un programa festiu, marcat per una emocionant gimcana d\u2019ous de Pasqua que ha posat el punt final a la jornada.<\/p>\n<p data-start=\"240\" data-end=\"436\" data-is-last-node=\"\" data-is-only-node=\"\"><a href=\"https:\/\/drive.google.com\/drive\/folders\/1VPTyObpeIyMAAWVF_ke0FagAnyu53Iqw?usp=drive_link\">Fem la mona<\/a><\/p>\n<p data-start=\"240\" data-end=\"436\" data-is-last-node=\"\" data-is-only-node=\"\"><a href=\"https:\/\/drive.google.com\/drive\/folders\/1eHQcD9yYaUGFR_yZBUn-sjgfqYuVooUf?usp=drive_link\">Taller de papallones<\/a><\/p>\n<p data-start=\"240\" data-end=\"436\" data-is-last-node=\"\" data-is-only-node=\"\">\n","protected":false},"excerpt":{"rendered":"<p><a href=\"https:\/\/agora.xtec.cat\/zerriuondara\/wp-content\/uploads\/usu561\/2026\/03\/IMG_8934-scaled.jpg\"><\/a><br \/>\nAvui, els alumnes de l&#8217;escola han viscut un dia ple d\u2019activitats i diversi\u00f3 a l&#8217;escola i\u00a0 al Parc del Reguer. Al mat\u00ed, han participat en un &#8220;Taller de papallones&#8221; organitzat pels t\u00e8cnics de la Reserva Natural de Mas de Melons i Secants de Lleida,&hellip;  <a href=\"https:\/\/agora.xtec.cat\/zerriuondara\/general-espigol\/aixi-hem-viscut-el-darrer-dia-del-2n-trimestre\/\" title=\"Read Aix\u00ed hem viscut el darrer dia del 2n trimestre\">Llegeix m\u00e9s\u00bb<\/a><\/p>\n","protected":false},"author":21,"featured_media":8035,"comment_status":"open","ping_status":"open","sticky":false,"template":"","format":"standard","meta":{"_bbp_topic_count":0,"_bbp_reply_count":0,"_bbp_total_topic_count":0,"_bbp_total_reply_count":0,"_bbp_voice_count":0,"_bbp_anonymous_reply_count":0,"_bbp_topic_count_hidden":0,"_bbp_reply_count_hidden":0,"_bbp_forum_subforum_count":0,"footnotes":""},"categories":[152,69,59,1,94],"tags":[],"class_list":["post-8025","post","type-post","status-publish","format-standard","has-post-thumbnail","hentry","category-curs25-26","category-escola-espigol","category-escola-st-roc","category-general-espigol","category-portada"],"post_mailing_queue_ids":[],"_links":{"self":[{"href":"https:\/\/agora.xtec.cat\/zerriuondara\/wp-json\/wp\/v2\/posts\/8025","targetHints":{"allow":["GET"]}}],"collection":[{"href":"https:\/\/agora.xtec.cat\/zerriuondara\/wp-json\/wp\/v2\/posts"}],"about":[{"href":"https:\/\/agora.xtec.cat\/zerriuondara\/wp-json\/wp\/v2\/types\/post"}],"author":[{"embeddable":true,"href":"https:\/\/agora.xtec.cat\/zerriuondara\/wp-json\/wp\/v2\/users\/21"}],"replies":[{"embeddable":true,"href":"https:\/\/agora.xtec.cat\/zerriuondara\/wp-json\/wp\/v2\/comments?post=8025"}],"version-history":[{"count":5,"href":"https:\/\/agora.xtec.cat\/zerriuondara\/wp-json\/wp\/v2\/posts\/8025\/revisions"}],"predecessor-version":[{"id":8037,"href":"https:\/\/agora.xtec.cat\/zerriuondara\/wp-json\/wp\/v2\/posts\/8025\/revisions\/8037"}],"wp:featuredmedia":[{"embeddable":true,"href":"https:\/\/agora.xtec.cat\/zerriuondara\/wp-json\/wp\/v2\/media\/8035"}],"wp:attachment":[{"href":"https:\/\/agora.xtec.cat\/zerriuondara\/wp-json\/wp\/v2\/media?parent=8025"}],"wp:term":[{"taxonomy":"category","embeddable":true,"href":"https:\/\/agora.xtec.cat\/zerriuondara\/wp-json\/wp\/v2\/categories?post=8025"},{"taxonomy":"post_tag","embeddable":true,"href":"https:\/\/agora.xtec.cat\/zerriuondara\/wp-json\/wp\/v2\/tags?post=8025"}],"curies":[{"name":"wp","href":"https:\/\/api.w.org\/{rel}","templated":true}]}}