{"id":7991,"date":"2026-03-24T16:49:10","date_gmt":"2026-03-24T15:49:10","guid":{"rendered":"https:\/\/agora.xtec.cat\/zerriuondara\/?p=7991"},"modified":"2026-03-24T16:49:10","modified_gmt":"2026-03-24T15:49:10","slug":"caixa-daprenentatge-tots-i-totes-portem-capa","status":"publish","type":"post","link":"https:\/\/agora.xtec.cat\/zerriuondara\/general-espigol\/caixa-daprenentatge-tots-i-totes-portem-capa\/","title":{"rendered":"Caixa D&#8217;aprenentatge: Tots i totes portem capa?"},"content":{"rendered":"<p>Aquesta setmana hem acabat la caixa d&#8217;aprenentatge: tots i totes porten capa? Hem parlat d&#8217;herois i hero\u00efnes que no necessiten portar capa obligat\u00f2riament. A la seva presentaci\u00f3 ens va visitar el Capit\u00e0 Tomata amb un conte titulat &#8220;Max i els superherois&#8221; que ens feia reflexionar sobre els herois i hero\u00efnes que tenim al nostre voltant. No cal que siguin el Batman o l&#8217;Spiderman sin\u00f3 que potser clarament el pare o la mare.<\/p>\n<p>Una altra sessi\u00f3 vam treballar la Malala i la Greta Thunberg a trav\u00e9s de dos contes de la seva vida.<\/p>\n<p>Un altre dia hem realitzat un m\u00f2bil amb paraules boniques com: t&#8217;estimo, perd\u00f3, si us plau, gr\u00e0cies&#8230; Ens l&#8217;hem emportat a casa per penjar-lo a l&#8217;habitaci\u00f3 i fer mem\u00f2ria.<\/p>\n<p>Tamb\u00e9 hem treballat els c\u00f2mics amb els superherois i hem ballat el ball del superheroi que el veureu amb les fotos.<\/p>\n<p>Com a cloenda de la caixa ens va tornar a visitar el Capit\u00e0 Tomata i ens va portar un regalet per tots i totes.<\/p>\n<p>Per veure les <a href=\"https:\/\/drive.google.com\/drive\/folders\/1n8mv-efYvVzu0viYoPpFpo8q1PiK6ME4?usp=drive_link\">FOTOS<\/a> cliqueu AQU\u00cd.<\/p>\n","protected":false},"excerpt":{"rendered":"<p>Aquesta setmana hem acabat la caixa d&#8217;aprenentatge: tots i totes porten capa? Hem parlat d&#8217;herois i hero\u00efnes que no necessiten portar capa obligat\u00f2riament. A la seva presentaci\u00f3 ens va visitar el Capit\u00e0 Tomata amb un conte titulat &#8220;Max i els superherois&#8221; que ens feia reflexionar&hellip;  <a href=\"https:\/\/agora.xtec.cat\/zerriuondara\/general-espigol\/caixa-daprenentatge-tots-i-totes-portem-capa\/\" title=\"Read Caixa D&#8217;aprenentatge: Tots i totes portem capa?\">Llegeix m\u00e9s\u00bb<\/a><\/p>\n","protected":false},"author":64,"featured_media":7992,"comment_status":"open","ping_status":"open","sticky":false,"template":"","format":"standard","meta":{"_bbp_topic_count":0,"_bbp_reply_count":0,"_bbp_total_topic_count":0,"_bbp_total_reply_count":0,"_bbp_voice_count":0,"_bbp_anonymous_reply_count":0,"_bbp_topic_count_hidden":0,"_bbp_reply_count_hidden":0,"_bbp_forum_subforum_count":0,"footnotes":""},"categories":[152,69,1,87,96,88,94],"tags":[],"class_list":["post-7991","post","type-post","status-publish","format-standard","has-post-thumbnail","hentry","category-curs25-26","category-escola-espigol","category-general-espigol","category-p3-espigol","category-p4-espigol","category-p5-espigol","category-portada"],"post_mailing_queue_ids":[],"_links":{"self":[{"href":"https:\/\/agora.xtec.cat\/zerriuondara\/wp-json\/wp\/v2\/posts\/7991","targetHints":{"allow":["GET"]}}],"collection":[{"href":"https:\/\/agora.xtec.cat\/zerriuondara\/wp-json\/wp\/v2\/posts"}],"about":[{"href":"https:\/\/agora.xtec.cat\/zerriuondara\/wp-json\/wp\/v2\/types\/post"}],"author":[{"embeddable":true,"href":"https:\/\/agora.xtec.cat\/zerriuondara\/wp-json\/wp\/v2\/users\/64"}],"replies":[{"embeddable":true,"href":"https:\/\/agora.xtec.cat\/zerriuondara\/wp-json\/wp\/v2\/comments?post=7991"}],"version-history":[{"count":3,"href":"https:\/\/agora.xtec.cat\/zerriuondara\/wp-json\/wp\/v2\/posts\/7991\/revisions"}],"predecessor-version":[{"id":7995,"href":"https:\/\/agora.xtec.cat\/zerriuondara\/wp-json\/wp\/v2\/posts\/7991\/revisions\/7995"}],"wp:featuredmedia":[{"embeddable":true,"href":"https:\/\/agora.xtec.cat\/zerriuondara\/wp-json\/wp\/v2\/media\/7992"}],"wp:attachment":[{"href":"https:\/\/agora.xtec.cat\/zerriuondara\/wp-json\/wp\/v2\/media?parent=7991"}],"wp:term":[{"taxonomy":"category","embeddable":true,"href":"https:\/\/agora.xtec.cat\/zerriuondara\/wp-json\/wp\/v2\/categories?post=7991"},{"taxonomy":"post_tag","embeddable":true,"href":"https:\/\/agora.xtec.cat\/zerriuondara\/wp-json\/wp\/v2\/tags?post=7991"}],"curies":[{"name":"wp","href":"https:\/\/api.w.org\/{rel}","templated":true}]}}