{"id":7942,"date":"2026-03-11T16:57:37","date_gmt":"2026-03-11T15:57:37","guid":{"rendered":"https:\/\/agora.xtec.cat\/zerriuondara\/?p=7942"},"modified":"2026-03-11T16:57:37","modified_gmt":"2026-03-11T15:57:37","slug":"la-forca-de-la-dona-un-dia-per-recordar-i-reflexionar","status":"publish","type":"post","link":"https:\/\/agora.xtec.cat\/zerriuondara\/general-espigol\/la-forca-de-la-dona-un-dia-per-recordar-i-reflexionar\/","title":{"rendered":"\u201cLa for\u00e7a de la dona: un dia per recordar i reflexionar\u201d"},"content":{"rendered":"<p>Per commemorar el Dia Internacional de la Dona, tota l\u2019escola va participar en una activitat conjunta que va implicar tots els cursos. Els alumnes de 6\u00e8 van tenir un paper destacat, ja que van llegir el manifest davant de la resta de companys, transmetent el missatge sobre la igualtat, el respecte i la import\u00e0ncia dels drets de les dones.<\/p>\n<p>L\u2019activitat no nom\u00e9s va servir per conscienciar sobre els valors de respecte i equitat, sin\u00f3 tamb\u00e9 per fomentar la participaci\u00f3 activa i la col\u00b7laboraci\u00f3 entre els alumnes de diferents edats. Durant la sessi\u00f3, es van generar espais de reflexi\u00f3 i debat, on els nens i nenes van poder compartir les seves opinions, experi\u00e8ncies i idees sobre com contribuir a un entorn m\u00e9s just i igualitari.<\/p>\n<p><a href=\"https:\/\/drive.google.com\/drive\/folders\/1amr0ufy5XbmtickHZeGWl5P6zWOmNU5o?usp=drive_link\">Recull d&#8217;imatges<\/a><\/p>\n","protected":false},"excerpt":{"rendered":"<p>Per commemorar el Dia Internacional de la Dona, tota l\u2019escola va participar en una activitat conjunta que va implicar tots els cursos. Els alumnes de 6\u00e8 van tenir un paper destacat, ja que van llegir el manifest davant de la resta de companys, transmetent el&hellip;  <a href=\"https:\/\/agora.xtec.cat\/zerriuondara\/general-espigol\/la-forca-de-la-dona-un-dia-per-recordar-i-reflexionar\/\" title=\"Read \u201cLa for\u00e7a de la dona: un dia per recordar i reflexionar\u201d\">Llegeix m\u00e9s\u00bb<\/a><\/p>\n","protected":false},"author":52,"featured_media":7944,"comment_status":"open","ping_status":"open","sticky":false,"template":"","format":"standard","meta":{"_bbp_topic_count":0,"_bbp_reply_count":0,"_bbp_total_topic_count":0,"_bbp_total_reply_count":0,"_bbp_voice_count":0,"_bbp_anonymous_reply_count":0,"_bbp_topic_count_hidden":0,"_bbp_reply_count_hidden":0,"_bbp_forum_subforum_count":0,"footnotes":""},"categories":[69,1,94],"tags":[],"class_list":["post-7942","post","type-post","status-publish","format-standard","has-post-thumbnail","hentry","category-escola-espigol","category-general-espigol","category-portada"],"post_mailing_queue_ids":[],"_links":{"self":[{"href":"https:\/\/agora.xtec.cat\/zerriuondara\/wp-json\/wp\/v2\/posts\/7942","targetHints":{"allow":["GET"]}}],"collection":[{"href":"https:\/\/agora.xtec.cat\/zerriuondara\/wp-json\/wp\/v2\/posts"}],"about":[{"href":"https:\/\/agora.xtec.cat\/zerriuondara\/wp-json\/wp\/v2\/types\/post"}],"author":[{"embeddable":true,"href":"https:\/\/agora.xtec.cat\/zerriuondara\/wp-json\/wp\/v2\/users\/52"}],"replies":[{"embeddable":true,"href":"https:\/\/agora.xtec.cat\/zerriuondara\/wp-json\/wp\/v2\/comments?post=7942"}],"version-history":[{"count":3,"href":"https:\/\/agora.xtec.cat\/zerriuondara\/wp-json\/wp\/v2\/posts\/7942\/revisions"}],"predecessor-version":[{"id":7947,"href":"https:\/\/agora.xtec.cat\/zerriuondara\/wp-json\/wp\/v2\/posts\/7942\/revisions\/7947"}],"wp:featuredmedia":[{"embeddable":true,"href":"https:\/\/agora.xtec.cat\/zerriuondara\/wp-json\/wp\/v2\/media\/7944"}],"wp:attachment":[{"href":"https:\/\/agora.xtec.cat\/zerriuondara\/wp-json\/wp\/v2\/media?parent=7942"}],"wp:term":[{"taxonomy":"category","embeddable":true,"href":"https:\/\/agora.xtec.cat\/zerriuondara\/wp-json\/wp\/v2\/categories?post=7942"},{"taxonomy":"post_tag","embeddable":true,"href":"https:\/\/agora.xtec.cat\/zerriuondara\/wp-json\/wp\/v2\/tags?post=7942"}],"curies":[{"name":"wp","href":"https:\/\/api.w.org\/{rel}","templated":true}]}}