{"id":7935,"date":"2026-03-09T13:36:19","date_gmt":"2026-03-09T12:36:19","guid":{"rendered":"https:\/\/agora.xtec.cat\/zerriuondara\/?p=7935"},"modified":"2026-03-15T13:13:54","modified_gmt":"2026-03-15T12:13:54","slug":"la-butaca-literaria","status":"publish","type":"post","link":"https:\/\/agora.xtec.cat\/zerriuondara\/escola-espigol\/la-butaca-literaria\/","title":{"rendered":"LA BUTACA LITER\u00c0RIA"},"content":{"rendered":"<p data-pm-slice=\"1 1 []\">En aquesta setmana iniciem el projecte de <em><strong>&#8220;La butaca liter\u00e0ria&#8221;<\/strong><\/em>, mitjan\u00e7ant aquest fomentarem l&#8217;h\u00e0bit lector amb els infants d&#8217;infantil. Com a primera proposta tindrem l&#8217;apadrinament lector per part dels infants de 3r als infants d&#8217;I5. On cada dimecres dedicaran mitja hora de lectura conjunta. Estigueu atents que pr\u00f2ximament us anirem contant m\u00e9s cosetes d&#8217;aquest projecte.<\/p>\n<p data-pm-slice=\"1 1 []\"><a href=\"https:\/\/drive.google.com\/drive\/u\/1\/folders\/1NgJ6B6nS4E68PZ6Bl6ps4quAIUAUWvgg\"><img loading=\"lazy\" decoding=\"async\" class=\"alignnone size-large wp-image-7939\" src=\"https:\/\/agora.xtec.cat\/zerriuondara\/wp-content\/uploads\/usu561\/2026\/03\/LA-BUTACA-LITERARIA-1024x907.jpg\" alt=\"\" width=\"1024\" height=\"907\" srcset=\"https:\/\/agora.xtec.cat\/zerriuondara\/wp-content\/uploads\/usu561\/2026\/03\/LA-BUTACA-LITERARIA-1024x907.jpg 1024w, https:\/\/agora.xtec.cat\/zerriuondara\/wp-content\/uploads\/usu561\/2026\/03\/LA-BUTACA-LITERARIA-300x266.jpg 300w, https:\/\/agora.xtec.cat\/zerriuondara\/wp-content\/uploads\/usu561\/2026\/03\/LA-BUTACA-LITERARIA-768x680.jpg 768w, https:\/\/agora.xtec.cat\/zerriuondara\/wp-content\/uploads\/usu561\/2026\/03\/LA-BUTACA-LITERARIA.jpg 1206w\" sizes=\"auto, (max-width: 1024px) 100vw, 1024px\" \/><\/a><\/p>\n","protected":false},"excerpt":{"rendered":"<p>En aquesta setmana iniciem el projecte de &#8220;La butaca liter\u00e0ria&#8221;, mitjan\u00e7ant aquest fomentarem l&#8217;h\u00e0bit lector amb els infants d&#8217;infantil. Com a primera proposta tindrem l&#8217;apadrinament lector per part dels infants de 3r als infants d&#8217;I5. On cada dimecres dedicaran mitja hora de lectura conjunta. Estigueu&hellip;  <a href=\"https:\/\/agora.xtec.cat\/zerriuondara\/escola-espigol\/la-butaca-literaria\/\" title=\"Read LA BUTACA LITER\u00c0RIA\">Llegeix m\u00e9s\u00bb<\/a><\/p>\n","protected":false},"author":47,"featured_media":0,"comment_status":"open","ping_status":"open","sticky":false,"template":"","format":"standard","meta":{"_bbp_topic_count":0,"_bbp_reply_count":0,"_bbp_total_topic_count":0,"_bbp_total_reply_count":0,"_bbp_voice_count":0,"_bbp_anonymous_reply_count":0,"_bbp_topic_count_hidden":0,"_bbp_reply_count_hidden":0,"_bbp_forum_subforum_count":0,"footnotes":""},"categories":[152,69,87,96,88],"tags":[],"class_list":["post-7935","post","type-post","status-publish","format-standard","hentry","category-curs25-26","category-escola-espigol","category-p3-espigol","category-p4-espigol","category-p5-espigol"],"post_mailing_queue_ids":[],"_links":{"self":[{"href":"https:\/\/agora.xtec.cat\/zerriuondara\/wp-json\/wp\/v2\/posts\/7935","targetHints":{"allow":["GET"]}}],"collection":[{"href":"https:\/\/agora.xtec.cat\/zerriuondara\/wp-json\/wp\/v2\/posts"}],"about":[{"href":"https:\/\/agora.xtec.cat\/zerriuondara\/wp-json\/wp\/v2\/types\/post"}],"author":[{"embeddable":true,"href":"https:\/\/agora.xtec.cat\/zerriuondara\/wp-json\/wp\/v2\/users\/47"}],"replies":[{"embeddable":true,"href":"https:\/\/agora.xtec.cat\/zerriuondara\/wp-json\/wp\/v2\/comments?post=7935"}],"version-history":[{"count":3,"href":"https:\/\/agora.xtec.cat\/zerriuondara\/wp-json\/wp\/v2\/posts\/7935\/revisions"}],"predecessor-version":[{"id":7951,"href":"https:\/\/agora.xtec.cat\/zerriuondara\/wp-json\/wp\/v2\/posts\/7935\/revisions\/7951"}],"wp:attachment":[{"href":"https:\/\/agora.xtec.cat\/zerriuondara\/wp-json\/wp\/v2\/media?parent=7935"}],"wp:term":[{"taxonomy":"category","embeddable":true,"href":"https:\/\/agora.xtec.cat\/zerriuondara\/wp-json\/wp\/v2\/categories?post=7935"},{"taxonomy":"post_tag","embeddable":true,"href":"https:\/\/agora.xtec.cat\/zerriuondara\/wp-json\/wp\/v2\/tags?post=7935"}],"curies":[{"name":"wp","href":"https:\/\/api.w.org\/{rel}","templated":true}]}}