{"id":7926,"date":"2026-03-02T10:16:01","date_gmt":"2026-03-02T09:16:01","guid":{"rendered":"https:\/\/agora.xtec.cat\/zerriuondara\/?p=7926"},"modified":"2026-03-02T10:16:05","modified_gmt":"2026-03-02T09:16:05","slug":"visita-a-lies-manuel-de-pedrolo","status":"publish","type":"post","link":"https:\/\/agora.xtec.cat\/zerriuondara\/general-espigol\/visita-a-lies-manuel-de-pedrolo\/","title":{"rendered":"Visita a L&#8217;IES Manuel de Pedrolo"},"content":{"rendered":"<p data-start=\"39\" data-end=\"258\"><a href=\"https:\/\/agora.xtec.cat\/zerriuondara\/wp-content\/uploads\/usu561\/2026\/03\/IMG_3379-1-1-scaled.jpg\"><img loading=\"lazy\" decoding=\"async\" class=\"alignnone wp-image-7928\" src=\"https:\/\/agora.xtec.cat\/zerriuondara\/wp-content\/uploads\/usu561\/2026\/03\/IMG_3379-1-1-1024x768.jpg\" alt=\"\" width=\"414\" height=\"311\" srcset=\"https:\/\/agora.xtec.cat\/zerriuondara\/wp-content\/uploads\/usu561\/2026\/03\/IMG_3379-1-1-1024x768.jpg 1024w, https:\/\/agora.xtec.cat\/zerriuondara\/wp-content\/uploads\/usu561\/2026\/03\/IMG_3379-1-1-300x225.jpg 300w, https:\/\/agora.xtec.cat\/zerriuondara\/wp-content\/uploads\/usu561\/2026\/03\/IMG_3379-1-1-768x576.jpg 768w, https:\/\/agora.xtec.cat\/zerriuondara\/wp-content\/uploads\/usu561\/2026\/03\/IMG_3379-1-1-1536x1152.jpg 1536w, https:\/\/agora.xtec.cat\/zerriuondara\/wp-content\/uploads\/usu561\/2026\/03\/IMG_3379-1-1-2048x1536.jpg 2048w, https:\/\/agora.xtec.cat\/zerriuondara\/wp-content\/uploads\/usu561\/2026\/03\/IMG_3379-1-1-200x150.jpg 200w\" sizes=\"auto, (max-width: 414px) 100vw, 414px\" \/><\/a><\/p>\n<p data-start=\"39\" data-end=\"258\">El dijous 26 de febrer, l\u2019alumnat de 6\u00e8 vam visitar l\u2019Institut Manuel de Pedrolo. Quan vam arribar, ens van rebre alguns alumnes guia del centre, que ens van acompanyar durant tota la visita i ens van ensenyar les instal\u00b7lacions.<\/p>\n<p data-start=\"260\" data-end=\"617\">Primer ens van portar a veure diferents espais, com les aules, el gimn\u00e0s, el pati i la biblioteca. Tamb\u00e9 ens van explicar com funciona l\u2019institut, quines assignatures es fan a 1r d\u2019ESO i com s\u2019organitzen els horaris. Ens va agradar molt poder parlar amb els alumnes guia, perqu\u00e8 ens van explicar la seva experi\u00e8ncia i ens van resoldre els dubtes que ten\u00edem.<\/p>\n<p data-start=\"619\" data-end=\"831\" data-is-last-node=\"\" data-is-only-node=\"\">La visita ens va servir per con\u00e8ixer millor el centre on \u00a0estudiarem el curs vinent. Va ser una experi\u00e8ncia molt interessant i ens va ajudar a sentir-nos m\u00e9s tranquils i preparats per al canvi a l\u2019institut.<\/p>\n<p><a href=\"https:\/\/drive.google.com\/drive\/folders\/16YVS2jCXWqc9KYVC7ua6v_dRAIgZV0Z0?usp=drive_link\">Recull d&#8217;imatges<\/a><\/p>\n","protected":false},"excerpt":{"rendered":"<p><a href=\"https:\/\/agora.xtec.cat\/zerriuondara\/wp-content\/uploads\/usu561\/2026\/03\/IMG_3379-1-1-scaled.jpg\"><\/a><br \/>\nEl dijous 26 de febrer, l\u2019alumnat de 6\u00e8 vam visitar l\u2019Institut Manuel de Pedrolo. Quan vam arribar, ens van rebre alguns alumnes guia del centre, que ens van acompanyar durant tota la visita i ens van ensenyar les instal\u00b7lacions.<br \/>\nPrimer ens van portar a veure&hellip;  <a href=\"https:\/\/agora.xtec.cat\/zerriuondara\/general-espigol\/visita-a-lies-manuel-de-pedrolo\/\" title=\"Read Visita a L&#8217;IES Manuel de Pedrolo\">Llegeix m\u00e9s\u00bb<\/a><\/p>\n","protected":false},"author":52,"featured_media":7928,"comment_status":"open","ping_status":"open","sticky":false,"template":"","format":"standard","meta":{"_bbp_topic_count":0,"_bbp_reply_count":0,"_bbp_total_topic_count":0,"_bbp_total_reply_count":0,"_bbp_voice_count":0,"_bbp_anonymous_reply_count":0,"_bbp_topic_count_hidden":0,"_bbp_reply_count_hidden":0,"_bbp_forum_subforum_count":0,"footnotes":""},"categories":[69,1,94],"tags":[],"class_list":["post-7926","post","type-post","status-publish","format-standard","has-post-thumbnail","hentry","category-escola-espigol","category-general-espigol","category-portada"],"post_mailing_queue_ids":[],"_links":{"self":[{"href":"https:\/\/agora.xtec.cat\/zerriuondara\/wp-json\/wp\/v2\/posts\/7926","targetHints":{"allow":["GET"]}}],"collection":[{"href":"https:\/\/agora.xtec.cat\/zerriuondara\/wp-json\/wp\/v2\/posts"}],"about":[{"href":"https:\/\/agora.xtec.cat\/zerriuondara\/wp-json\/wp\/v2\/types\/post"}],"author":[{"embeddable":true,"href":"https:\/\/agora.xtec.cat\/zerriuondara\/wp-json\/wp\/v2\/users\/52"}],"replies":[{"embeddable":true,"href":"https:\/\/agora.xtec.cat\/zerriuondara\/wp-json\/wp\/v2\/comments?post=7926"}],"version-history":[{"count":4,"href":"https:\/\/agora.xtec.cat\/zerriuondara\/wp-json\/wp\/v2\/posts\/7926\/revisions"}],"predecessor-version":[{"id":7932,"href":"https:\/\/agora.xtec.cat\/zerriuondara\/wp-json\/wp\/v2\/posts\/7926\/revisions\/7932"}],"wp:featuredmedia":[{"embeddable":true,"href":"https:\/\/agora.xtec.cat\/zerriuondara\/wp-json\/wp\/v2\/media\/7928"}],"wp:attachment":[{"href":"https:\/\/agora.xtec.cat\/zerriuondara\/wp-json\/wp\/v2\/media?parent=7926"}],"wp:term":[{"taxonomy":"category","embeddable":true,"href":"https:\/\/agora.xtec.cat\/zerriuondara\/wp-json\/wp\/v2\/categories?post=7926"},{"taxonomy":"post_tag","embeddable":true,"href":"https:\/\/agora.xtec.cat\/zerriuondara\/wp-json\/wp\/v2\/tags?post=7926"}],"curies":[{"name":"wp","href":"https:\/\/api.w.org\/{rel}","templated":true}]}}