{"id":7666,"date":"2025-10-29T13:06:59","date_gmt":"2025-10-29T12:06:59","guid":{"rendered":"https:\/\/agora.xtec.cat\/zerriuondara\/?p=7666"},"modified":"2025-10-29T13:06:59","modified_gmt":"2025-10-29T12:06:59","slug":"sortida-a-barcelona-descobrim-gaudi-i-el-mar","status":"publish","type":"post","link":"https:\/\/agora.xtec.cat\/zerriuondara\/general-espigol\/sortida-a-barcelona-descobrim-gaudi-i-el-mar\/","title":{"rendered":"Sortida a Barcelona: Descobrim Gaud\u00ed i el mar!"},"content":{"rendered":"<p><a href=\"https:\/\/agora.xtec.cat\/zerriuondara\/wp-content\/uploads\/usu561\/2025\/10\/istockphoto-1491549267-612x612-2.jpg\"><img loading=\"lazy\" decoding=\"async\" class=\" wp-image-7669\" src=\"https:\/\/agora.xtec.cat\/zerriuondara\/wp-content\/uploads\/usu561\/2025\/10\/istockphoto-1491549267-612x612-2.jpg\" alt=\"\" width=\"314\" height=\"209\" srcset=\"https:\/\/agora.xtec.cat\/zerriuondara\/wp-content\/uploads\/usu561\/2025\/10\/istockphoto-1491549267-612x612-2.jpg 612w, https:\/\/agora.xtec.cat\/zerriuondara\/wp-content\/uploads\/usu561\/2025\/10\/istockphoto-1491549267-612x612-2-300x200.jpg 300w\" sizes=\"auto, (max-width: 314px) 100vw, 314px\" \/><\/a><\/p>\n<p data-start=\"151\" data-end=\"471\">Els alumnes de C.S i C. M han fet una sortida molt especial a Barcelona dins del projecte dedicat al <strong data-start=\"264\" data-end=\"303\">centenari de la mort d\u2019Antoni Gaud\u00ed<\/strong>. Ha estat una jornada plena d\u2019art, arquitectura i hist\u00f2ria que ens ha perm\u00e8s con\u00e8ixer de prop una de les obres m\u00e9s emblem\u00e0tiques del genial arquitecte: <strong data-start=\"456\" data-end=\"470\">La Pedrera<\/strong>.<\/p>\n<p data-start=\"473\" data-end=\"883\">Al mat\u00ed hem visitat <strong data-start=\"493\" data-end=\"519\">La Pedrera \u2013 Casa Mil\u00e0<\/strong>, on hem pogut observar les seves formes ondulades, les xemeneies que semblen escultures i els espais plens de llum i imaginaci\u00f3. Les guies ens han explicat molts detalls curiosos sobre com Gaud\u00ed s\u2019inspirava en la natura per crear els seus edificis i com va revolucionar la manera de construir. Fins i tot hem pujat al terrat, des d\u2019on es pot veure la Sagrada Fam\u00edlia!<\/p>\n<p data-start=\"885\" data-end=\"1148\">Despr\u00e9s de dinar, a la tarda, hem anat al <strong data-start=\"927\" data-end=\"957\">Museu Mar\u00edtim de Barcelona<\/strong>, situat a les antigues Drassanes Reials. All\u00e0 hem descobert la hist\u00f2ria mar\u00edtima de Catalunya, hem vist maquetes de vaixells antics i hem apr\u00e8s com era la vida dels mariners fa molts anys.<\/p>\n<p data-start=\"1150\" data-end=\"1347\">Ha estat una experi\u00e8ncia molt enriquidora i divertida, que ens ha ajudat a entendre millor dues parts molt importants de la nostra cultura: <strong data-start=\"1290\" data-end=\"1344\">l\u2019art de Gaud\u00ed i la tradici\u00f3 marinera Catalana<\/strong>.<\/p>\n<p data-start=\"1349\" data-end=\"1475\">Tornem a l\u2019escola amb moltes ganes de continuar treballant el nostre projecte sobre Gaud\u00ed i de compartir tot el que hem apr\u00e8s!<\/p>\n<p data-start=\"1349\" data-end=\"1475\"><a href=\"https:\/\/drive.google.com\/drive\/folders\/1Cd4fWEKQrsebQGhVn0oybe-oPxeN-R_g?usp=drive_link\">Fotos Descobrim Gaud\u00ed i el mar!<\/a><\/p>\n","protected":false},"excerpt":{"rendered":"<p><a href=\"https:\/\/agora.xtec.cat\/zerriuondara\/wp-content\/uploads\/usu561\/2025\/10\/istockphoto-1491549267-612x612-2.jpg\"><\/a><br \/>\nEls alumnes de C.S i C. M han fet una sortida molt especial a Barcelona dins del projecte dedicat al centenari de la mort d\u2019Antoni Gaud\u00ed. Ha estat una jornada plena d\u2019art, arquitectura i hist\u00f2ria que ens ha perm\u00e8s con\u00e8ixer de prop una de&hellip;  <a href=\"https:\/\/agora.xtec.cat\/zerriuondara\/general-espigol\/sortida-a-barcelona-descobrim-gaudi-i-el-mar\/\" title=\"Read Sortida a Barcelona: Descobrim Gaud\u00ed i el mar!\">Llegeix m\u00e9s\u00bb<\/a><\/p>\n","protected":false},"author":21,"featured_media":7667,"comment_status":"open","ping_status":"open","sticky":false,"template":"","format":"standard","meta":{"_bbp_topic_count":0,"_bbp_reply_count":0,"_bbp_total_topic_count":0,"_bbp_total_reply_count":0,"_bbp_voice_count":0,"_bbp_anonymous_reply_count":0,"_bbp_topic_count_hidden":0,"_bbp_reply_count_hidden":0,"_bbp_forum_subforum_count":0,"footnotes":""},"categories":[85,86,152,69,1,94],"tags":[],"class_list":["post-7666","post","type-post","status-publish","format-standard","has-post-thumbnail","hentry","category-mitja-espigol","category-superior-espigol","category-curs25-26","category-escola-espigol","category-general-espigol","category-portada"],"post_mailing_queue_ids":[],"_links":{"self":[{"href":"https:\/\/agora.xtec.cat\/zerriuondara\/wp-json\/wp\/v2\/posts\/7666","targetHints":{"allow":["GET"]}}],"collection":[{"href":"https:\/\/agora.xtec.cat\/zerriuondara\/wp-json\/wp\/v2\/posts"}],"about":[{"href":"https:\/\/agora.xtec.cat\/zerriuondara\/wp-json\/wp\/v2\/types\/post"}],"author":[{"embeddable":true,"href":"https:\/\/agora.xtec.cat\/zerriuondara\/wp-json\/wp\/v2\/users\/21"}],"replies":[{"embeddable":true,"href":"https:\/\/agora.xtec.cat\/zerriuondara\/wp-json\/wp\/v2\/comments?post=7666"}],"version-history":[{"count":2,"href":"https:\/\/agora.xtec.cat\/zerriuondara\/wp-json\/wp\/v2\/posts\/7666\/revisions"}],"predecessor-version":[{"id":7670,"href":"https:\/\/agora.xtec.cat\/zerriuondara\/wp-json\/wp\/v2\/posts\/7666\/revisions\/7670"}],"wp:featuredmedia":[{"embeddable":true,"href":"https:\/\/agora.xtec.cat\/zerriuondara\/wp-json\/wp\/v2\/media\/7667"}],"wp:attachment":[{"href":"https:\/\/agora.xtec.cat\/zerriuondara\/wp-json\/wp\/v2\/media?parent=7666"}],"wp:term":[{"taxonomy":"category","embeddable":true,"href":"https:\/\/agora.xtec.cat\/zerriuondara\/wp-json\/wp\/v2\/categories?post=7666"},{"taxonomy":"post_tag","embeddable":true,"href":"https:\/\/agora.xtec.cat\/zerriuondara\/wp-json\/wp\/v2\/tags?post=7666"}],"curies":[{"name":"wp","href":"https:\/\/api.w.org\/{rel}","templated":true}]}}