{"id":7608,"date":"2025-06-25T18:02:55","date_gmt":"2025-06-25T16:02:55","guid":{"rendered":"https:\/\/agora.xtec.cat\/zerriuondara\/?p=7608"},"modified":"2025-06-25T18:02:55","modified_gmt":"2025-06-25T16:02:55","slug":"tanquem-una-etapa-obrim-camins","status":"publish","type":"post","link":"https:\/\/agora.xtec.cat\/zerriuondara\/general-espigol\/tanquem-una-etapa-obrim-camins\/","title":{"rendered":"TANQUEM UNA ETAPA,&#8230; OBRIM CAMINS"},"content":{"rendered":"<p data-start=\"274\" data-end=\"540\"><a href=\"https:\/\/agora.xtec.cat\/zerriuondara\/wp-content\/uploads\/usu561\/2025\/06\/fotos-pagina-web-49.png\"><img loading=\"lazy\" decoding=\"async\" class=\"wp-image-7610 aligncenter\" src=\"https:\/\/agora.xtec.cat\/zerriuondara\/wp-content\/uploads\/usu561\/2025\/06\/fotos-pagina-web-49.png\" alt=\"\" width=\"342\" height=\"242\" srcset=\"https:\/\/agora.xtec.cat\/zerriuondara\/wp-content\/uploads\/usu561\/2025\/06\/fotos-pagina-web-49.png 1250w, https:\/\/agora.xtec.cat\/zerriuondara\/wp-content\/uploads\/usu561\/2025\/06\/fotos-pagina-web-49-300x212.png 300w, https:\/\/agora.xtec.cat\/zerriuondara\/wp-content\/uploads\/usu561\/2025\/06\/fotos-pagina-web-49-1024x724.png 1024w, https:\/\/agora.xtec.cat\/zerriuondara\/wp-content\/uploads\/usu561\/2025\/06\/fotos-pagina-web-49-768x543.png 768w\" sizes=\"auto, (max-width: 342px) 100vw, 342px\" \/><\/a>Aquest fi de curs hem viscut una tarda molt especial i carregada d\u2019emocions: <strong data-start=\"344\" data-end=\"404\">els alumnes de sis\u00e8 han celebrat la seva festa de comiat<\/strong>. Amb aquesta celebraci\u00f3 tanquen una etapa important a la nostra escola i en comencen una de nova, plena de reptes i noves oportunitats.<\/p>\n<p data-start=\"542\" data-end=\"839\">Acompanyats de les seves fam\u00edlies i de l\u2019equip de mestres, els m\u00e9s grans de l\u2019escola van dir ad\u00e9u a l\u2019espai que els ha vist cr\u00e9ixer, aprendre, compartir i somiar. Va ser un moment ple d\u2019agra\u00efments, records i il\u00b7lusi\u00f3, on vam poder fer balan\u00e7 del cam\u00ed recorregut i mirar amb esperan\u00e7a cap al futur.<\/p>\n<p data-start=\"841\" data-end=\"1133\">Des de l\u2019escola, ens sentim molt orgullosos de tot el que han aconseguit i, sobretot, de <strong data-start=\"930\" data-end=\"972\">les persones en qu\u00e8 s\u2019estan convertint<\/strong>. Els desitgem que continu\u00efn el seu cam\u00ed amb confian\u00e7a, alegria i ganes d\u2019aprendre, i que mai oblidin els valors que han anat construint al llarg d\u2019aquests anys.<\/p>\n<p data-start=\"1135\" data-end=\"1249\"><strong data-start=\"1135\" data-end=\"1249\">Gr\u00e0cies, sis\u00e8, per tot el que ens heu aportat. Us trobarem a faltar i sempre tindreu un lloc al vostre escola!<\/strong><\/p>\n<p data-start=\"1135\" data-end=\"1249\">Si voleu veure algunes de les fotos, <a href=\"https:\/\/drive.google.com\/drive\/folders\/1s5uSyI-9z80ieSKEnVg_gqh_eSWlHqXc?usp=drive_link\">CLIQUEU AQU\u00cd<\/a><\/p>\n<p data-start=\"1135\" data-end=\"1249\">Si voleu veure un v\u00eddeo del seu pas per l&#8217;escola, <a href=\"https:\/\/drive.google.com\/file\/d\/1M0MXeIVVFwuInOEGPhDjFUJo2AOzh_ld\/view?usp=drive_link\">CLIQUEU AQU\u00cd<\/a>.<\/p>\n","protected":false},"excerpt":{"rendered":"<p><a href=\"https:\/\/agora.xtec.cat\/zerriuondara\/wp-content\/uploads\/usu561\/2025\/06\/fotos-pagina-web-49.png\"><\/a>Aquest fi de curs hem viscut una tarda molt especial i carregada d\u2019emocions: els alumnes de sis\u00e8 han celebrat la seva festa de comiat. Amb aquesta celebraci\u00f3 tanquen una etapa important a la nostra escola i en comencen una de nova, plena de reptes&hellip;  <a href=\"https:\/\/agora.xtec.cat\/zerriuondara\/general-espigol\/tanquem-una-etapa-obrim-camins\/\" title=\"Read TANQUEM UNA ETAPA,&#8230; OBRIM CAMINS\">Llegeix m\u00e9s\u00bb<\/a><\/p>\n","protected":false},"author":1,"featured_media":7609,"comment_status":"open","ping_status":"open","sticky":false,"template":"","format":"standard","meta":{"_bbp_topic_count":0,"_bbp_reply_count":0,"_bbp_total_topic_count":0,"_bbp_total_reply_count":0,"_bbp_voice_count":0,"_bbp_anonymous_reply_count":0,"_bbp_topic_count_hidden":0,"_bbp_reply_count_hidden":0,"_bbp_forum_subforum_count":0,"footnotes":""},"categories":[66,151,59,1,94],"tags":[],"class_list":["post-7608","post","type-post","status-publish","format-standard","has-post-thumbnail","hentry","category-superior-sant-roc","category-curs-2024-2025","category-escola-st-roc","category-general-espigol","category-portada"],"post_mailing_queue_ids":[],"_links":{"self":[{"href":"https:\/\/agora.xtec.cat\/zerriuondara\/wp-json\/wp\/v2\/posts\/7608","targetHints":{"allow":["GET"]}}],"collection":[{"href":"https:\/\/agora.xtec.cat\/zerriuondara\/wp-json\/wp\/v2\/posts"}],"about":[{"href":"https:\/\/agora.xtec.cat\/zerriuondara\/wp-json\/wp\/v2\/types\/post"}],"author":[{"embeddable":true,"href":"https:\/\/agora.xtec.cat\/zerriuondara\/wp-json\/wp\/v2\/users\/1"}],"replies":[{"embeddable":true,"href":"https:\/\/agora.xtec.cat\/zerriuondara\/wp-json\/wp\/v2\/comments?post=7608"}],"version-history":[{"count":1,"href":"https:\/\/agora.xtec.cat\/zerriuondara\/wp-json\/wp\/v2\/posts\/7608\/revisions"}],"predecessor-version":[{"id":7611,"href":"https:\/\/agora.xtec.cat\/zerriuondara\/wp-json\/wp\/v2\/posts\/7608\/revisions\/7611"}],"wp:featuredmedia":[{"embeddable":true,"href":"https:\/\/agora.xtec.cat\/zerriuondara\/wp-json\/wp\/v2\/media\/7609"}],"wp:attachment":[{"href":"https:\/\/agora.xtec.cat\/zerriuondara\/wp-json\/wp\/v2\/media?parent=7608"}],"wp:term":[{"taxonomy":"category","embeddable":true,"href":"https:\/\/agora.xtec.cat\/zerriuondara\/wp-json\/wp\/v2\/categories?post=7608"},{"taxonomy":"post_tag","embeddable":true,"href":"https:\/\/agora.xtec.cat\/zerriuondara\/wp-json\/wp\/v2\/tags?post=7608"}],"curies":[{"name":"wp","href":"https:\/\/api.w.org\/{rel}","templated":true}]}}