{"id":7475,"date":"2025-05-26T08:01:24","date_gmt":"2025-05-26T06:01:24","guid":{"rendered":"https:\/\/agora.xtec.cat\/zerriuondara\/?p=7475"},"modified":"2025-05-25T22:31:38","modified_gmt":"2025-05-25T20:31:38","slug":"sortida-a-lespai-origens-descobrim-la-prehistoria","status":"publish","type":"post","link":"https:\/\/agora.xtec.cat\/zerriuondara\/general-espigol\/sortida-a-lespai-origens-descobrim-la-prehistoria\/","title":{"rendered":"Sortida a l\u2019Espai Or\u00edgens: descobrim la Prehist\u00f2ria"},"content":{"rendered":"<p style=\"text-align: left\">El passat <em>divendres 23 de maig<\/em>, les <strong>nenes i nens d&#8217;Educaci\u00f3 Infantil de la ZER<\/strong> v\u00e0rem viure una experi\u00e8ncia molt especial a l&#8217;<strong>Espai Or\u00edgens de Camarasa<\/strong>. En aquesta sortida ens vam endinsar en la vida dels primers humans i vam descobrir com vivien, qu\u00e8 menjaven, com es comunicaven&#8230; i com s&#8217;expressaven a trav\u00e9s de la natura i l&#8217;art.<\/p>\n<p style=\"text-align: left\">Vam comen\u00e7ar la jornada amb la visita a l\u2019\u00e0mbit <strong>\u201cLa cabana\u201d<\/strong>, on, a trav\u00e9s d\u2019un conte, ens vam apropar al dia a dia dels infants de la Prehist\u00f2ria. Abans d\u2019escoltar la hist\u00f2ria, vam compartir qu\u00e8 sab\u00edem sobre aquesta \u00e8poca i els seus animals. A m\u00e9s, vam intentar fer foc i tallar pedra de s\u00edlex, i vam veure i tocar eines prehist\u00f2riques!<\/p>\n<p style=\"text-align: left\">A continuaci\u00f3, ens vam deixar portar pels <strong>sons dels animals<\/strong>, escoltant gravacions i imaginant com devia sonar el paisatge sonor del Paleol\u00edtic. Amb instruments de percussi\u00f3, vam recrear aquests sons i vam deixar volar la nostra imaginaci\u00f3.<\/p>\n<p style=\"text-align: left\">Tamb\u00e9 vam experimentar amb <strong>els colors de la Prehist\u00f2ria<\/strong>, coneixent els pigments naturals que utilitzaven (ocre, vermell i negre), i vam crear un mural col\u00b7lectiu, deixant-hi la nostra empremta.<\/p>\n<p style=\"text-align: left\">Per acabar, vam fer una <strong>dansa <\/strong><strong><b>ben<\/b><\/strong><strong> especial<\/strong>, imitant els moviments i sons dels animals que ens havien acompanyat durant tot el recorregut. Una manera ben viva de tancar aquesta viv\u00e8ncia tan completa i sensorial.<\/p>\n<p style=\"text-align: left\">Tot plegat va ser una experi\u00e8ncia molt enriquidora, que ens va permetre connectar amb tot all\u00f2 que estem comen\u00e7ant a descobrir a la nostra <strong>caixa d\u2019aprenentatge \u201cD\u2019on venim?\u201d<\/strong><\/p>\n<p style=\"text-align: center\"><a href=\"https:\/\/drive.google.com\/drive\/folders\/1HGd6wMoF884eiQ1vgYatAVJDzUeICC6J?usp=drive_link\">\ud83d\udcf8Aqu\u00ed us deixem un tastet d&#8217;imatges de la sortida!<\/a><br \/>\n<a href=\"https:\/\/drive.google.com\/drive\/folders\/1HGd6wMoF884eiQ1vgYatAVJDzUeICC6J?usp=drive_link\"><img loading=\"lazy\" decoding=\"async\" class=\"aligncenter wp-image-7477 size-medium\" src=\"https:\/\/agora.xtec.cat\/zerriuondara\/wp-content\/uploads\/usu561\/2025\/05\/IMG_8897-300x153.jpg\" alt=\"\" width=\"300\" height=\"153\" srcset=\"https:\/\/agora.xtec.cat\/zerriuondara\/wp-content\/uploads\/usu561\/2025\/05\/IMG_8897-300x153.jpg 300w, https:\/\/agora.xtec.cat\/zerriuondara\/wp-content\/uploads\/usu561\/2025\/05\/IMG_8897-1024x523.jpg 1024w, https:\/\/agora.xtec.cat\/zerriuondara\/wp-content\/uploads\/usu561\/2025\/05\/IMG_8897-768x393.jpg 768w, https:\/\/agora.xtec.cat\/zerriuondara\/wp-content\/uploads\/usu561\/2025\/05\/IMG_8897.jpg 1170w\" sizes=\"auto, (max-width: 300px) 100vw, 300px\" \/><\/a><em>Cliqueu sobre la fotografia per veure-les!<\/em><\/p>\n","protected":false},"excerpt":{"rendered":"<p>El passat divendres 23 de maig, les nenes i nens d&#8217;Educaci\u00f3 Infantil de la ZER v\u00e0rem viure una experi\u00e8ncia molt especial a l&#8217;Espai Or\u00edgens de Camarasa. En aquesta sortida ens vam endinsar en la vida dels primers humans i vam descobrir com vivien, qu\u00e8 menjaven,&hellip;  <a href=\"https:\/\/agora.xtec.cat\/zerriuondara\/general-espigol\/sortida-a-lespai-origens-descobrim-la-prehistoria\/\" title=\"Read Sortida a l\u2019Espai Or\u00edgens: descobrim la Prehist\u00f2ria\">Llegeix m\u00e9s\u00bb<\/a><\/p>\n","protected":false},"author":1,"featured_media":7477,"comment_status":"open","ping_status":"closed","sticky":false,"template":"","format":"standard","meta":{"_bbp_topic_count":0,"_bbp_reply_count":0,"_bbp_total_topic_count":0,"_bbp_total_reply_count":0,"_bbp_voice_count":0,"_bbp_anonymous_reply_count":0,"_bbp_topic_count_hidden":0,"_bbp_reply_count_hidden":0,"_bbp_forum_subforum_count":0,"footnotes":""},"categories":[151,69,59,1,87,93,96,97,88,92,94],"tags":[],"class_list":["post-7475","post","type-post","status-publish","format-standard","has-post-thumbnail","hentry","category-curs-2024-2025","category-escola-espigol","category-escola-st-roc","category-general-espigol","category-p3-espigol","category-p3-st-roc","category-p4-espigol","category-p4-sant-roc","category-p5-espigol","category-p5-st-roc","category-portada"],"post_mailing_queue_ids":[],"_links":{"self":[{"href":"https:\/\/agora.xtec.cat\/zerriuondara\/wp-json\/wp\/v2\/posts\/7475","targetHints":{"allow":["GET"]}}],"collection":[{"href":"https:\/\/agora.xtec.cat\/zerriuondara\/wp-json\/wp\/v2\/posts"}],"about":[{"href":"https:\/\/agora.xtec.cat\/zerriuondara\/wp-json\/wp\/v2\/types\/post"}],"author":[{"embeddable":true,"href":"https:\/\/agora.xtec.cat\/zerriuondara\/wp-json\/wp\/v2\/users\/1"}],"replies":[{"embeddable":true,"href":"https:\/\/agora.xtec.cat\/zerriuondara\/wp-json\/wp\/v2\/comments?post=7475"}],"version-history":[{"count":5,"href":"https:\/\/agora.xtec.cat\/zerriuondara\/wp-json\/wp\/v2\/posts\/7475\/revisions"}],"predecessor-version":[{"id":7481,"href":"https:\/\/agora.xtec.cat\/zerriuondara\/wp-json\/wp\/v2\/posts\/7475\/revisions\/7481"}],"wp:featuredmedia":[{"embeddable":true,"href":"https:\/\/agora.xtec.cat\/zerriuondara\/wp-json\/wp\/v2\/media\/7477"}],"wp:attachment":[{"href":"https:\/\/agora.xtec.cat\/zerriuondara\/wp-json\/wp\/v2\/media?parent=7475"}],"wp:term":[{"taxonomy":"category","embeddable":true,"href":"https:\/\/agora.xtec.cat\/zerriuondara\/wp-json\/wp\/v2\/categories?post=7475"},{"taxonomy":"post_tag","embeddable":true,"href":"https:\/\/agora.xtec.cat\/zerriuondara\/wp-json\/wp\/v2\/tags?post=7475"}],"curies":[{"name":"wp","href":"https:\/\/api.w.org\/{rel}","templated":true}]}}