{"id":7386,"date":"2025-04-15T14:00:40","date_gmt":"2025-04-15T12:00:40","guid":{"rendered":"https:\/\/agora.xtec.cat\/zerriuondara\/?p=7386"},"modified":"2025-04-14T18:25:39","modified_gmt":"2025-04-14T16:25:39","slug":"visita-al-pilar-dalmenara","status":"publish","type":"post","link":"https:\/\/agora.xtec.cat\/zerriuondara\/general-espigol\/visita-al-pilar-dalmenara\/","title":{"rendered":"VISITA AL PILAR D&#8217;ALMENARA"},"content":{"rendered":"<p>Aquest \u00faltim divendres de trimestre, els alumnes de cicle superior de l&#8217;escola Esp\u00edgol hem fet la sortida d&#8217;entorn sobre rodes. El repte ha estat anar fins al Pilar d&#8217;Almenara passant pel municipi de la Gu\u00e0rdia de Tornabous d&#8217;anada i tornant pels municipis de la Fuliola i El Tarr\u00f2s.<\/p>\n<p>Un cop al Pilar d&#8217;Almenara, hem fet grups de 4 i amb l&#8217;ajuda dels adults hem coronat la torre de guaita. Tots i totes ens hem quedat bocabadats de les vistes de la plana i del Prepirineu que s&#8217;observen des de dalt, encara que el dia ha estat t\u00e8rbol.<\/p>\n<p>Ha estat un mat\u00ed d&#8217;activitat f\u00edsica i de primavera diferent, al medi natural, on hem gaudit d&#8217;un dia espl\u00e8ndid ple de moments especials. Repetirem!<\/p>\n<p>Us adjuntem el recull d&#8217;imatges de la l&#8217;activitat.<\/p>\n<p><a href=\"https:\/\/drive.google.com\/drive\/folders\/1rnnJVZ8wPMrh-klIIP3lWOCy_w24YpcH\">FOTOS<\/a><\/p>\n","protected":false},"excerpt":{"rendered":"<p>Aquest \u00faltim divendres de trimestre, els alumnes de cicle superior de l&#8217;escola Esp\u00edgol hem fet la sortida d&#8217;entorn sobre rodes. El repte ha estat anar fins al Pilar d&#8217;Almenara passant pel municipi de la Gu\u00e0rdia de Tornabous d&#8217;anada i tornant pels municipis de la Fuliola&hellip;  <a href=\"https:\/\/agora.xtec.cat\/zerriuondara\/general-espigol\/visita-al-pilar-dalmenara\/\" title=\"Read VISITA AL PILAR D&#8217;ALMENARA\">Llegeix m\u00e9s\u00bb<\/a><\/p>\n","protected":false},"author":51,"featured_media":7387,"comment_status":"open","ping_status":"closed","sticky":false,"template":"","format":"standard","meta":{"_bbp_topic_count":0,"_bbp_reply_count":0,"_bbp_total_topic_count":0,"_bbp_total_reply_count":0,"_bbp_voice_count":0,"_bbp_anonymous_reply_count":0,"_bbp_topic_count_hidden":0,"_bbp_reply_count_hidden":0,"_bbp_forum_subforum_count":0,"footnotes":""},"categories":[86,151,69,1,94],"tags":[],"class_list":["post-7386","post","type-post","status-publish","format-standard","has-post-thumbnail","hentry","category-superior-espigol","category-curs-2024-2025","category-escola-espigol","category-general-espigol","category-portada"],"post_mailing_queue_ids":[],"_links":{"self":[{"href":"https:\/\/agora.xtec.cat\/zerriuondara\/wp-json\/wp\/v2\/posts\/7386","targetHints":{"allow":["GET"]}}],"collection":[{"href":"https:\/\/agora.xtec.cat\/zerriuondara\/wp-json\/wp\/v2\/posts"}],"about":[{"href":"https:\/\/agora.xtec.cat\/zerriuondara\/wp-json\/wp\/v2\/types\/post"}],"author":[{"embeddable":true,"href":"https:\/\/agora.xtec.cat\/zerriuondara\/wp-json\/wp\/v2\/users\/51"}],"replies":[{"embeddable":true,"href":"https:\/\/agora.xtec.cat\/zerriuondara\/wp-json\/wp\/v2\/comments?post=7386"}],"version-history":[{"count":3,"href":"https:\/\/agora.xtec.cat\/zerriuondara\/wp-json\/wp\/v2\/posts\/7386\/revisions"}],"predecessor-version":[{"id":7390,"href":"https:\/\/agora.xtec.cat\/zerriuondara\/wp-json\/wp\/v2\/posts\/7386\/revisions\/7390"}],"wp:featuredmedia":[{"embeddable":true,"href":"https:\/\/agora.xtec.cat\/zerriuondara\/wp-json\/wp\/v2\/media\/7387"}],"wp:attachment":[{"href":"https:\/\/agora.xtec.cat\/zerriuondara\/wp-json\/wp\/v2\/media?parent=7386"}],"wp:term":[{"taxonomy":"category","embeddable":true,"href":"https:\/\/agora.xtec.cat\/zerriuondara\/wp-json\/wp\/v2\/categories?post=7386"},{"taxonomy":"post_tag","embeddable":true,"href":"https:\/\/agora.xtec.cat\/zerriuondara\/wp-json\/wp\/v2\/tags?post=7386"}],"curies":[{"name":"wp","href":"https:\/\/api.w.org\/{rel}","templated":true}]}}