{"id":7351,"date":"2025-04-08T11:11:53","date_gmt":"2025-04-08T09:11:53","guid":{"rendered":"https:\/\/agora.xtec.cat\/zerriuondara\/?p=7351"},"modified":"2025-04-08T11:11:53","modified_gmt":"2025-04-08T09:11:53","slug":"certamen-de-lectura-en-veu-alta-2","status":"publish","type":"post","link":"https:\/\/agora.xtec.cat\/zerriuondara\/general-espigol\/certamen-de-lectura-en-veu-alta-2\/","title":{"rendered":"Certamen de lectura en veu alta"},"content":{"rendered":"<p>Aquest any l&#8217;alumnat de 6\u00e8 de l&#8217;escola Esp\u00edgol hem participat per segona vegada consecutiva al certamen de lectura en veu alta. L&#8217;objectiu d&#8217;aquest certamen \u00e9s que els nens i nenes guadeixin d&#8217;una bona estona de lectura i tamb\u00e9 aix\u00ed millorar de la flu\u00efdesa lectora, la comprensi\u00f3 i la capacitat d&#8217;expressi\u00f3 oral.<\/p>\n<p>Per a l&#8217;alumnat, la lectura en veu alta pot ser una manera divertida d\u2019aprendre. Poden llegir en grup, fer teatre llegit o fins i tot gravar-se per escoltar com sona la seva lectura. Aix\u00f2 ens ajuda a guanyar confian\u00e7a i a perdre la por de parlar en p\u00fablic.<\/p>\n<p>Va ser una experi\u00e8ncia divertida que l&#8217;any vinent de ben segur que repetirem.<\/p>\n<p><a href=\"https:\/\/drive.google.com\/drive\/folders\/1xSVDWIQ642_6heESOOk83vhho3USBsMJ?usp=drive_link\">\u00a0 \u00a0 \u00a0 \u00a0 \u00a0 \u00a0 \u00a0 \u00a0 \u00a0 \u00a0 \u00a0 \u00a0 \u00a0 \u00a0 \u00a0 \u00a0 \u00a0 \u00a0 \u00a0 \u00a0 \u00a0 \u00a0 \u00a0 \u00a0 \u00a0 \u00a0 \u00a0 \u00a0 \u00a0 \u00a0 \u00a0<\/a><a href=\"https:\/\/agora.xtec.cat\/zerriuondara\/wp-content\/uploads\/usu561\/2025\/04\/Captura-de-pantalla-2025-04-08-111014.png\"><img loading=\"lazy\" decoding=\"async\" class=\"alignnone wp-image-7359\" src=\"https:\/\/agora.xtec.cat\/zerriuondara\/wp-content\/uploads\/usu561\/2025\/04\/Captura-de-pantalla-2025-04-08-111014.png\" alt=\"\" width=\"243\" height=\"351\" srcset=\"https:\/\/agora.xtec.cat\/zerriuondara\/wp-content\/uploads\/usu561\/2025\/04\/Captura-de-pantalla-2025-04-08-111014.png 379w, https:\/\/agora.xtec.cat\/zerriuondara\/wp-content\/uploads\/usu561\/2025\/04\/Captura-de-pantalla-2025-04-08-111014-208x300.png 208w\" sizes=\"auto, (max-width: 243px) 100vw, 243px\" \/><\/a><\/p>\n<p><a href=\"https:\/\/drive.google.com\/drive\/folders\/1xSVDWIQ642_6heESOOk83vhho3USBsMJ?usp=drive_link\">Recull d&#8217;imatges<\/a><\/p>\n","protected":false},"excerpt":{"rendered":"<p>Aquest any l&#8217;alumnat de 6\u00e8 de l&#8217;escola Esp\u00edgol hem participat per segona vegada consecutiva al certamen de lectura en veu alta. L&#8217;objectiu d&#8217;aquest certamen \u00e9s que els nens i nenes guadeixin d&#8217;una bona estona de lectura i tamb\u00e9 aix\u00ed millorar de la flu\u00efdesa lectora, la&hellip;  <a href=\"https:\/\/agora.xtec.cat\/zerriuondara\/general-espigol\/certamen-de-lectura-en-veu-alta-2\/\" title=\"Read Certamen de lectura en veu alta\">Llegeix m\u00e9s\u00bb<\/a><\/p>\n","protected":false},"author":52,"featured_media":0,"comment_status":"open","ping_status":"closed","sticky":false,"template":"","format":"standard","meta":{"_bbp_topic_count":0,"_bbp_reply_count":0,"_bbp_total_topic_count":0,"_bbp_total_reply_count":0,"_bbp_voice_count":0,"_bbp_anonymous_reply_count":0,"_bbp_topic_count_hidden":0,"_bbp_reply_count_hidden":0,"_bbp_forum_subforum_count":0,"footnotes":""},"categories":[69,1,94],"tags":[],"class_list":["post-7351","post","type-post","status-publish","format-standard","hentry","category-escola-espigol","category-general-espigol","category-portada"],"post_mailing_queue_ids":[],"_links":{"self":[{"href":"https:\/\/agora.xtec.cat\/zerriuondara\/wp-json\/wp\/v2\/posts\/7351","targetHints":{"allow":["GET"]}}],"collection":[{"href":"https:\/\/agora.xtec.cat\/zerriuondara\/wp-json\/wp\/v2\/posts"}],"about":[{"href":"https:\/\/agora.xtec.cat\/zerriuondara\/wp-json\/wp\/v2\/types\/post"}],"author":[{"embeddable":true,"href":"https:\/\/agora.xtec.cat\/zerriuondara\/wp-json\/wp\/v2\/users\/52"}],"replies":[{"embeddable":true,"href":"https:\/\/agora.xtec.cat\/zerriuondara\/wp-json\/wp\/v2\/comments?post=7351"}],"version-history":[{"count":1,"href":"https:\/\/agora.xtec.cat\/zerriuondara\/wp-json\/wp\/v2\/posts\/7351\/revisions"}],"predecessor-version":[{"id":7360,"href":"https:\/\/agora.xtec.cat\/zerriuondara\/wp-json\/wp\/v2\/posts\/7351\/revisions\/7360"}],"wp:attachment":[{"href":"https:\/\/agora.xtec.cat\/zerriuondara\/wp-json\/wp\/v2\/media?parent=7351"}],"wp:term":[{"taxonomy":"category","embeddable":true,"href":"https:\/\/agora.xtec.cat\/zerriuondara\/wp-json\/wp\/v2\/categories?post=7351"},{"taxonomy":"post_tag","embeddable":true,"href":"https:\/\/agora.xtec.cat\/zerriuondara\/wp-json\/wp\/v2\/tags?post=7351"}],"curies":[{"name":"wp","href":"https:\/\/api.w.org\/{rel}","templated":true}]}}