{"id":7308,"date":"2025-03-24T20:01:43","date_gmt":"2025-03-24T19:01:43","guid":{"rendered":"https:\/\/agora.xtec.cat\/zerriuondara\/?p=7308"},"modified":"2025-03-24T20:01:43","modified_gmt":"2025-03-24T19:01:43","slug":"un-divendres-diferent-expressio-emocions-i-convivencia","status":"publish","type":"post","link":"https:\/\/agora.xtec.cat\/zerriuondara\/general-espigol\/un-divendres-diferent-expressio-emocions-i-convivencia\/","title":{"rendered":"UN DIVENDRES DIFERENT: EXPRESSI\u00d3, EMOCIONS I CONVIV\u00c8NCIA"},"content":{"rendered":"<p data-start=\"130\" data-end=\"401\"><a href=\"https:\/\/agora.xtec.cat\/zerriuondara\/wp-content\/uploads\/usu561\/2025\/03\/fotos-pagina-web-27.png\"><img loading=\"lazy\" decoding=\"async\" class=\" wp-image-7312 aligncenter\" src=\"https:\/\/agora.xtec.cat\/zerriuondara\/wp-content\/uploads\/usu561\/2025\/03\/fotos-pagina-web-27.png\" alt=\"\" width=\"336\" height=\"238\" srcset=\"https:\/\/agora.xtec.cat\/zerriuondara\/wp-content\/uploads\/usu561\/2025\/03\/fotos-pagina-web-27.png 1000w, https:\/\/agora.xtec.cat\/zerriuondara\/wp-content\/uploads\/usu561\/2025\/03\/fotos-pagina-web-27-300x212.png 300w, https:\/\/agora.xtec.cat\/zerriuondara\/wp-content\/uploads\/usu561\/2025\/03\/fotos-pagina-web-27-768x543.png 768w\" sizes=\"auto, (max-width: 336px) 100vw, 336px\" \/><\/a><\/p>\n<p class=\"\" data-start=\"130\" data-end=\"401\">El passat divendres, els infants de cicle inicial de l&#8217;escola Esp\u00edgol i de l&#8217;escola Sant Roc, van viure una jornada molt especial a l&#8217;espai Fundesplai. Junts van compartir moments de conviv\u00e8ncia i retrobaments tot participant en diferents activitats d&#8217;expressi\u00f3 corporal, d&#8217;emocions i d&#8217;art.<\/p>\n<p class=\"\" data-start=\"403\" data-end=\"639\">Tot i que la pluja ens va acompanyar durant el dia, no va impedir que gaud\u00edssim de cada proposta. Somriures, complicitats i descobertes van omplir aquesta sortida, fent-la una experi\u00e8ncia enriquidora i plena de viv\u00e8ncies per recordar.<\/p>\n<p data-start=\"403\" data-end=\"639\">Per veure alguns moments del dia <a href=\"https:\/\/drive.google.com\/drive\/folders\/13fxbCBzMPB7ImYlsWhaU_-gscqyJ9xk1?usp=drive_link\">CLIQUEU AQU\u00cd.<\/a><\/p>\n","protected":false},"excerpt":{"rendered":"<p><a href=\"https:\/\/agora.xtec.cat\/zerriuondara\/wp-content\/uploads\/usu561\/2025\/03\/fotos-pagina-web-27.png\"><\/a><br \/>\nEl passat divendres, els infants de cicle inicial de l&#8217;escola Esp\u00edgol i de l&#8217;escola Sant Roc, van viure una jornada molt especial a l&#8217;espai Fundesplai. Junts van compartir moments de conviv\u00e8ncia i retrobaments tot participant en diferents activitats d&#8217;expressi\u00f3 corporal, d&#8217;emocions i d&#8217;art.<br \/>\nTot i&hellip;  <a href=\"https:\/\/agora.xtec.cat\/zerriuondara\/general-espigol\/un-divendres-diferent-expressio-emocions-i-convivencia\/\" title=\"Read UN DIVENDRES DIFERENT: EXPRESSI\u00d3, EMOCIONS I CONVIV\u00c8NCIA\">Llegeix m\u00e9s\u00bb<\/a><\/p>\n","protected":false},"author":1,"featured_media":7314,"comment_status":"open","ping_status":"closed","sticky":false,"template":"","format":"standard","meta":{"_bbp_topic_count":0,"_bbp_reply_count":0,"_bbp_total_topic_count":0,"_bbp_total_reply_count":0,"_bbp_voice_count":0,"_bbp_anonymous_reply_count":0,"_bbp_topic_count_hidden":0,"_bbp_reply_count_hidden":0,"_bbp_forum_subforum_count":0,"footnotes":""},"categories":[89,64,151,69,59,1,94],"tags":[],"class_list":["post-7308","post","type-post","status-publish","format-standard","has-post-thumbnail","hentry","category-inicial-espigol","category-inicial-sant-roc","category-curs-2024-2025","category-escola-espigol","category-escola-st-roc","category-general-espigol","category-portada"],"post_mailing_queue_ids":[],"_links":{"self":[{"href":"https:\/\/agora.xtec.cat\/zerriuondara\/wp-json\/wp\/v2\/posts\/7308","targetHints":{"allow":["GET"]}}],"collection":[{"href":"https:\/\/agora.xtec.cat\/zerriuondara\/wp-json\/wp\/v2\/posts"}],"about":[{"href":"https:\/\/agora.xtec.cat\/zerriuondara\/wp-json\/wp\/v2\/types\/post"}],"author":[{"embeddable":true,"href":"https:\/\/agora.xtec.cat\/zerriuondara\/wp-json\/wp\/v2\/users\/1"}],"replies":[{"embeddable":true,"href":"https:\/\/agora.xtec.cat\/zerriuondara\/wp-json\/wp\/v2\/comments?post=7308"}],"version-history":[{"count":4,"href":"https:\/\/agora.xtec.cat\/zerriuondara\/wp-json\/wp\/v2\/posts\/7308\/revisions"}],"predecessor-version":[{"id":7313,"href":"https:\/\/agora.xtec.cat\/zerriuondara\/wp-json\/wp\/v2\/posts\/7308\/revisions\/7313"}],"wp:featuredmedia":[{"embeddable":true,"href":"https:\/\/agora.xtec.cat\/zerriuondara\/wp-json\/wp\/v2\/media\/7314"}],"wp:attachment":[{"href":"https:\/\/agora.xtec.cat\/zerriuondara\/wp-json\/wp\/v2\/media?parent=7308"}],"wp:term":[{"taxonomy":"category","embeddable":true,"href":"https:\/\/agora.xtec.cat\/zerriuondara\/wp-json\/wp\/v2\/categories?post=7308"},{"taxonomy":"post_tag","embeddable":true,"href":"https:\/\/agora.xtec.cat\/zerriuondara\/wp-json\/wp\/v2\/tags?post=7308"}],"curies":[{"name":"wp","href":"https:\/\/api.w.org\/{rel}","templated":true}]}}