{"id":7281,"date":"2025-03-14T19:44:30","date_gmt":"2025-03-14T18:44:30","guid":{"rendered":"https:\/\/agora.xtec.cat\/zerriuondara\/?p=7281"},"modified":"2025-03-14T19:44:30","modified_gmt":"2025-03-14T18:44:30","slug":"descobrim-la-ciencia-al-lab-0-6-de-manresa","status":"publish","type":"post","link":"https:\/\/agora.xtec.cat\/zerriuondara\/general-espigol\/descobrim-la-ciencia-al-lab-0-6-de-manresa\/","title":{"rendered":"Descobrim la ci\u00e8ncia al LAB 0-6 de Manresa!"},"content":{"rendered":"<p>Els infants d\u2019<strong>educaci\u00f3 infantil de la ZER<\/strong> hem viscut una experi\u00e8ncia plena de descoberta i curiositat al <strong>LAB 0-6 de Manresa<\/strong>, un espai pensat perqu\u00e8 els m\u00e9s petits i petites experimentin i es meravellin amb la <strong>ci\u00e8ncia\ud83d\udd2c<\/strong>.<\/p>\n<p>Hem participat en el taller de <strong>Flotabilitat<\/strong>, on hem observat com diferents materials reaccionen a l\u2019aigua: floten o s\u2019enfonsen? A partir d\u2019un repte, hem ideat i constru\u00eft estructures enginyoses per fer flotar una boleta de vidre.<\/p>\n<p>Tamb\u00e9 hem explorat lliurement la sala del <strong>LAB<\/strong>, on hem manipulat diferents materials, fet hip\u00f2tesis i les hem posat a prova a trav\u00e9s del joc i la investigaci\u00f3.<\/p>\n<p>Ha estat una experi\u00e8ncia enriquidora que ha despertat encara m\u00e9s les nostres ganes d\u2019explorar i aprendre sobre el m\u00f3n que ens envolta\ud83c\udf0e\u2728!<\/p>\n<p style=\"text-align: left\">Tot i la pluja, ens han acompanyat uns amics ben especials: el <em>Sol-solet<\/em><strong>\ud83c\udf1e<\/strong>, la <em>Poma dolceta<\/em><strong>\ud83c\udf4f<\/strong> i la <em>Gota-goteta<\/em><strong>\ud83d\udca7<\/strong>, fent que el dia fos encara m\u00e9s especial\ud83e\udd17.<\/p>\n<p style=\"text-align: left\"><a href=\"https:\/\/drive.google.com\/drive\/folders\/12awJyEmmq0ST9qzqThWBYxN0ntxqZ9xT?usp=drive_link\"><img loading=\"lazy\" decoding=\"async\" class=\"wp-image-7283 size-medium aligncenter\" src=\"https:\/\/agora.xtec.cat\/zerriuondara\/wp-content\/uploads\/usu561\/2025\/03\/Captura-LAB-300x100.jpg\" alt=\"\" width=\"300\" height=\"100\" srcset=\"https:\/\/agora.xtec.cat\/zerriuondara\/wp-content\/uploads\/usu561\/2025\/03\/Captura-LAB-300x100.jpg 300w, https:\/\/agora.xtec.cat\/zerriuondara\/wp-content\/uploads\/usu561\/2025\/03\/Captura-LAB.jpg 484w\" sizes=\"auto, (max-width: 300px) 100vw, 300px\" \/><\/a><\/p>\n<p style=\"text-align: center\"><sup><em>Cliqueu a la imatge per poder veure un tastet de la sortida<\/em><\/sup>\ud83d\udcf8.<\/p>\n","protected":false},"excerpt":{"rendered":"<p>Els infants d\u2019educaci\u00f3 infantil de la ZER hem viscut una experi\u00e8ncia plena de descoberta i curiositat al LAB 0-6 de Manresa, un espai pensat perqu\u00e8 els m\u00e9s petits i petites experimentin i es meravellin amb la ci\u00e8ncia\ud83d\udd2c.<br \/>\nHem participat en el taller de Flotabilitat, on hem&hellip;  <a href=\"https:\/\/agora.xtec.cat\/zerriuondara\/general-espigol\/descobrim-la-ciencia-al-lab-0-6-de-manresa\/\" title=\"Read Descobrim la ci\u00e8ncia al LAB 0-6 de Manresa!\">Llegeix m\u00e9s\u00bb<\/a><\/p>\n","protected":false},"author":1,"featured_media":7282,"comment_status":"open","ping_status":"closed","sticky":false,"template":"","format":"standard","meta":{"_bbp_topic_count":0,"_bbp_reply_count":0,"_bbp_total_topic_count":0,"_bbp_total_reply_count":0,"_bbp_voice_count":0,"_bbp_anonymous_reply_count":0,"_bbp_topic_count_hidden":0,"_bbp_reply_count_hidden":0,"_bbp_forum_subforum_count":0,"footnotes":""},"categories":[151,69,59,1,87,93,96,97,88,92,94],"tags":[],"class_list":["post-7281","post","type-post","status-publish","format-standard","has-post-thumbnail","hentry","category-curs-2024-2025","category-escola-espigol","category-escola-st-roc","category-general-espigol","category-p3-espigol","category-p3-st-roc","category-p4-espigol","category-p4-sant-roc","category-p5-espigol","category-p5-st-roc","category-portada"],"post_mailing_queue_ids":[],"_links":{"self":[{"href":"https:\/\/agora.xtec.cat\/zerriuondara\/wp-json\/wp\/v2\/posts\/7281","targetHints":{"allow":["GET"]}}],"collection":[{"href":"https:\/\/agora.xtec.cat\/zerriuondara\/wp-json\/wp\/v2\/posts"}],"about":[{"href":"https:\/\/agora.xtec.cat\/zerriuondara\/wp-json\/wp\/v2\/types\/post"}],"author":[{"embeddable":true,"href":"https:\/\/agora.xtec.cat\/zerriuondara\/wp-json\/wp\/v2\/users\/1"}],"replies":[{"embeddable":true,"href":"https:\/\/agora.xtec.cat\/zerriuondara\/wp-json\/wp\/v2\/comments?post=7281"}],"version-history":[{"count":3,"href":"https:\/\/agora.xtec.cat\/zerriuondara\/wp-json\/wp\/v2\/posts\/7281\/revisions"}],"predecessor-version":[{"id":7286,"href":"https:\/\/agora.xtec.cat\/zerriuondara\/wp-json\/wp\/v2\/posts\/7281\/revisions\/7286"}],"wp:featuredmedia":[{"embeddable":true,"href":"https:\/\/agora.xtec.cat\/zerriuondara\/wp-json\/wp\/v2\/media\/7282"}],"wp:attachment":[{"href":"https:\/\/agora.xtec.cat\/zerriuondara\/wp-json\/wp\/v2\/media?parent=7281"}],"wp:term":[{"taxonomy":"category","embeddable":true,"href":"https:\/\/agora.xtec.cat\/zerriuondara\/wp-json\/wp\/v2\/categories?post=7281"},{"taxonomy":"post_tag","embeddable":true,"href":"https:\/\/agora.xtec.cat\/zerriuondara\/wp-json\/wp\/v2\/tags?post=7281"}],"curies":[{"name":"wp","href":"https:\/\/api.w.org\/{rel}","templated":true}]}}