{"id":7166,"date":"2025-02-18T10:01:14","date_gmt":"2025-02-18T09:01:14","guid":{"rendered":"https:\/\/agora.xtec.cat\/zerriuondara\/?p=7166"},"modified":"2025-02-18T10:06:32","modified_gmt":"2025-02-18T09:06:32","slug":"osmies-natura-activa-a-lhivern","status":"publish","type":"post","link":"https:\/\/agora.xtec.cat\/zerriuondara\/general-espigol\/osmies-natura-activa-a-lhivern\/","title":{"rendered":"\u00d2SMIES: Natura activa a l&#8217;hivern"},"content":{"rendered":"<p><a href=\"https:\/\/agora.xtec.cat\/zerriuondara\/wp-content\/uploads\/usu561\/2025\/02\/images.jpg\"><img loading=\"lazy\" decoding=\"async\" class=\"alignnone wp-image-7170 aligncenter\" src=\"https:\/\/agora.xtec.cat\/zerriuondara\/wp-content\/uploads\/usu561\/2025\/02\/images.jpg\" alt=\"\" width=\"250\" height=\"178\" srcset=\"https:\/\/agora.xtec.cat\/zerriuondara\/wp-content\/uploads\/usu561\/2025\/02\/images.jpg 657w, https:\/\/agora.xtec.cat\/zerriuondara\/wp-content\/uploads\/usu561\/2025\/02\/images-300x213.jpg 300w\" sizes=\"auto, (max-width: 250px) 100vw, 250px\" \/><\/a><\/p>\n<p>&nbsp;<\/p>\n<p>Tots els alumnes de l&#8217;Escola han pogut con\u00e8ixer amb la col\u00b7laboraci\u00f3 de les associacions Mas de Melons, secans de Lleida, Parc del Reguer i l&#8217;empresa\u00a0 Bio Ponent el Projecte \u00d2smies finan\u00e7at pel programa Leader de la Uni\u00f3 Europea.<\/p>\n<p>Les o\u0300smies so\u0301n un grup d\u2019abelles silvestres de vida solita\u0300ria que han passat desapercebudes en el nostre entorn agrari mentre s\u2019encarregaven de la pol\u00b7linitzacio\u0301 i la produccio\u0301 de multitud de camps. S\u2019alimenten del pol\u00b7len i el ne\u0300ctar d\u2019arbres fruiters i altres floracions silvestres de temporada. Construeixen els seus nius en forats separats per cel\u00b7les. Cada espe\u0300cie te\u0301 les seves particularitats: algunes fan les cel\u00b7les amb fulles i d\u2019altres amb fang, unes fan els nius en forats i d\u2019altres en closques de cargols\u2026 Com altres abelles solita\u0300ries, so\u0301n forc\u0327a do\u0300cils, no ataquen i si arriben a picar, no e\u0301s gaire doloro\u0301s.<\/p>\n<p>Des d&#8217;aquest mes de febrer el Parc del Reguer comptar\u00e0 amb dos nous Hotels d&#8217;Insectes, constru\u00efts pel Nando Farr\u00e9 i un hotel d&#8217;\u00d2smies que ajudaran a millorar la biodiversitat del nostre parc<\/p>\n<p>&nbsp;<\/p>\n<p><a href=\"https:\/\/drive.google.com\/drive\/folders\/1l1anveFhSFvbx2SvDBFy2yP0nxm8-5S3?usp=drive_link\">Fotos Taller \u00d2smies<\/a><\/p>\n","protected":false},"excerpt":{"rendered":"<p><a href=\"https:\/\/agora.xtec.cat\/zerriuondara\/wp-content\/uploads\/usu561\/2025\/02\/images.jpg\"><\/a><br \/>\n&nbsp;<br \/>\nTots els alumnes de l&#8217;Escola han pogut con\u00e8ixer amb la col\u00b7laboraci\u00f3 de les associacions Mas de Melons, secans de Lleida, Parc del Reguer i l&#8217;empresa\u00a0 Bio Ponent el Projecte \u00d2smies finan\u00e7at pel programa Leader de la Uni\u00f3 Europea.<br \/>\nLes o\u0300smies so\u0301n un grup d\u2019abelles silvestres&hellip;  <a href=\"https:\/\/agora.xtec.cat\/zerriuondara\/general-espigol\/osmies-natura-activa-a-lhivern\/\" title=\"Read \u00d2SMIES: Natura activa a l&#8217;hivern\">Llegeix m\u00e9s\u00bb<\/a><\/p>\n","protected":false},"author":21,"featured_media":7169,"comment_status":"open","ping_status":"closed","sticky":false,"template":"","format":"standard","meta":{"_bbp_topic_count":0,"_bbp_reply_count":0,"_bbp_total_topic_count":0,"_bbp_total_reply_count":0,"_bbp_voice_count":0,"_bbp_anonymous_reply_count":0,"_bbp_topic_count_hidden":0,"_bbp_reply_count_hidden":0,"_bbp_forum_subforum_count":0,"footnotes":""},"categories":[151,69,59,1,94],"tags":[],"class_list":["post-7166","post","type-post","status-publish","format-standard","has-post-thumbnail","hentry","category-curs-2024-2025","category-escola-espigol","category-escola-st-roc","category-general-espigol","category-portada"],"post_mailing_queue_ids":[],"_links":{"self":[{"href":"https:\/\/agora.xtec.cat\/zerriuondara\/wp-json\/wp\/v2\/posts\/7166","targetHints":{"allow":["GET"]}}],"collection":[{"href":"https:\/\/agora.xtec.cat\/zerriuondara\/wp-json\/wp\/v2\/posts"}],"about":[{"href":"https:\/\/agora.xtec.cat\/zerriuondara\/wp-json\/wp\/v2\/types\/post"}],"author":[{"embeddable":true,"href":"https:\/\/agora.xtec.cat\/zerriuondara\/wp-json\/wp\/v2\/users\/21"}],"replies":[{"embeddable":true,"href":"https:\/\/agora.xtec.cat\/zerriuondara\/wp-json\/wp\/v2\/comments?post=7166"}],"version-history":[{"count":3,"href":"https:\/\/agora.xtec.cat\/zerriuondara\/wp-json\/wp\/v2\/posts\/7166\/revisions"}],"predecessor-version":[{"id":7172,"href":"https:\/\/agora.xtec.cat\/zerriuondara\/wp-json\/wp\/v2\/posts\/7166\/revisions\/7172"}],"wp:featuredmedia":[{"embeddable":true,"href":"https:\/\/agora.xtec.cat\/zerriuondara\/wp-json\/wp\/v2\/media\/7169"}],"wp:attachment":[{"href":"https:\/\/agora.xtec.cat\/zerriuondara\/wp-json\/wp\/v2\/media?parent=7166"}],"wp:term":[{"taxonomy":"category","embeddable":true,"href":"https:\/\/agora.xtec.cat\/zerriuondara\/wp-json\/wp\/v2\/categories?post=7166"},{"taxonomy":"post_tag","embeddable":true,"href":"https:\/\/agora.xtec.cat\/zerriuondara\/wp-json\/wp\/v2\/tags?post=7166"}],"curies":[{"name":"wp","href":"https:\/\/api.w.org\/{rel}","templated":true}]}}