{"id":6996,"date":"2024-12-19T08:45:43","date_gmt":"2024-12-19T07:45:43","guid":{"rendered":"https:\/\/agora.xtec.cat\/zerriuondara\/?p=6996"},"modified":"2024-12-19T14:22:01","modified_gmt":"2024-12-19T13:22:01","slug":"lart-de-lexpressio-teatre-els-heu-vist","status":"publish","type":"post","link":"https:\/\/agora.xtec.cat\/zerriuondara\/escola-espigol\/lart-de-lexpressio-teatre-els-heu-vist\/","title":{"rendered":"L\u2019ART DE L\u2019EXPRESSI\u00d3: TEATRE \u00abELS HEU VIST?\u00bb"},"content":{"rendered":"<p>Els m\u00e9s <strong>petits i petites de l\u2019Esp\u00edgol,<\/strong> durant aquest primer trimestre, han treballat de valent en l\u2019obra de teatre <em>\u00abEls heu vist?\u00bb<\/em> dins del <strong>projecte de l&#8217;Art de l\u2019expressi\u00f3<\/strong>.<\/p>\n<p>\ud83c\udfadAquesta <strong>obra<\/strong> tracta de la troballa que fan tres amics d\u2019\u00e9ssers m\u00e0gics que podem trobar al bosc. Amb l\u2019ajuda del seu instint, de les fades i del follet juguet\u00f3, arribaran a con\u00e8ixer la m\u00e0gia que amaga el bosc.<\/p>\n<p>La feina es va repartir en diferents grups:<\/p>\n<ul>\n<li>El <strong>grup d\u2019actrius i actors<\/strong>, que han donat vida a l\u2019obra a trav\u00e9s de la interpretaci\u00f3.<\/li>\n<li>El <strong>grup d\u2019escenografia<\/strong>, que ha preparat el decorat i els complements de les fades i el follet.<\/li>\n<li>El <strong>grup de difusi\u00f3<\/strong>, que ha comunicat a les fam\u00edlies qu\u00e8 necessitaven per poder actuar.<\/li>\n<\/ul>\n<p>Entre totes i tots, han fet una feina excel\u00b7lent. Enhorabona!\ud83d\udc4f<\/p>\n<p>V\u00e0rem aprofitar la tela croma de les maletes audiovisuals, que ens ha proporcionat el Departament, per poder endinsar-nos en el bosc, gravar-ho i, aix\u00ed, portar el nostre espectacle a la festa d\u2019hivern\u2744 que v\u00e0rem realitzar aquest dimarts.<\/p>\n<p style=\"text-align: left\">\ud83d\udc40Voleu veure la m\u00e0gia dels petits i petites de l\u2019Esp\u00edgol?\ud83c\udf1f<\/p>\n<p style=\"text-align: center\"><strong>Cliqueu a la imatge i gaudiu de l\u2019espectacle!<\/strong>\ud83d\ude0a<br \/>\n<strong><a href=\"https:\/\/drive.google.com\/file\/d\/15GNIXJnBxWnQAF3u5C8WgNDQCFjydIA3\/view?usp=drive_link\"><img loading=\"lazy\" decoding=\"async\" class=\"size-medium wp-image-6998 aligncenter\" src=\"https:\/\/agora.xtec.cat\/zerriuondara\/wp-content\/uploads\/usu561\/2024\/12\/els-heu-vist-300x171.jpg\" alt=\"\" width=\"300\" height=\"171\" srcset=\"https:\/\/agora.xtec.cat\/zerriuondara\/wp-content\/uploads\/usu561\/2024\/12\/els-heu-vist-300x171.jpg 300w, https:\/\/agora.xtec.cat\/zerriuondara\/wp-content\/uploads\/usu561\/2024\/12\/els-heu-vist-1024x583.jpg 1024w, https:\/\/agora.xtec.cat\/zerriuondara\/wp-content\/uploads\/usu561\/2024\/12\/els-heu-vist-768x437.jpg 768w, https:\/\/agora.xtec.cat\/zerriuondara\/wp-content\/uploads\/usu561\/2024\/12\/els-heu-vist.jpg 1182w\" sizes=\"auto, (max-width: 300px) 100vw, 300px\" \/><\/a><\/strong><\/p>\n<p>Esperem que us agradi! \ud83e\udd29 Els infants s\u2019ho han passat d\u2019all\u00f2 m\u00e9s b\u00e9 i han apr\u00e8s molt amb aquesta <strong>experi\u00e8ncia<\/strong>\u2728.<\/p>\n<p>&nbsp;<\/p>\n<p style=\"text-align: center\"><em>&#8220;L\u2019art, la m\u00fasica i el teatre s\u00f3n activitats que ajuden els infants a obrir-se al m\u00f3n.&#8221;<\/em><br \/>\nDavid Bueno i Torrent, 2021<\/p>\n","protected":false},"excerpt":{"rendered":"<p>Els m\u00e9s petits i petites de l\u2019Esp\u00edgol, durant aquest primer trimestre, han treballat de valent en l\u2019obra de teatre \u00abEls heu vist?\u00bb dins del projecte de l&#8217;Art de l\u2019expressi\u00f3.<br \/>\n\ud83c\udfadAquesta obra tracta de la troballa que fan tres amics d\u2019\u00e9ssers m\u00e0gics que podem trobar al bosc.&hellip;  <a href=\"https:\/\/agora.xtec.cat\/zerriuondara\/escola-espigol\/lart-de-lexpressio-teatre-els-heu-vist\/\" title=\"Read L\u2019ART DE L\u2019EXPRESSI\u00d3: TEATRE \u00abELS HEU VIST?\u00bb\">Llegeix m\u00e9s\u00bb<\/a><\/p>\n","protected":false},"author":1,"featured_media":6998,"comment_status":"open","ping_status":"closed","sticky":false,"template":"","format":"standard","meta":{"_bbp_topic_count":0,"_bbp_reply_count":0,"_bbp_total_topic_count":0,"_bbp_total_reply_count":0,"_bbp_voice_count":0,"_bbp_anonymous_reply_count":0,"_bbp_topic_count_hidden":0,"_bbp_reply_count_hidden":0,"_bbp_forum_subforum_count":0,"footnotes":""},"categories":[151,69,87,96,88,94],"tags":[],"class_list":["post-6996","post","type-post","status-publish","format-standard","has-post-thumbnail","hentry","category-curs-2024-2025","category-escola-espigol","category-p3-espigol","category-p4-espigol","category-p5-espigol","category-portada"],"post_mailing_queue_ids":[],"_links":{"self":[{"href":"https:\/\/agora.xtec.cat\/zerriuondara\/wp-json\/wp\/v2\/posts\/6996","targetHints":{"allow":["GET"]}}],"collection":[{"href":"https:\/\/agora.xtec.cat\/zerriuondara\/wp-json\/wp\/v2\/posts"}],"about":[{"href":"https:\/\/agora.xtec.cat\/zerriuondara\/wp-json\/wp\/v2\/types\/post"}],"author":[{"embeddable":true,"href":"https:\/\/agora.xtec.cat\/zerriuondara\/wp-json\/wp\/v2\/users\/1"}],"replies":[{"embeddable":true,"href":"https:\/\/agora.xtec.cat\/zerriuondara\/wp-json\/wp\/v2\/comments?post=6996"}],"version-history":[{"count":5,"href":"https:\/\/agora.xtec.cat\/zerriuondara\/wp-json\/wp\/v2\/posts\/6996\/revisions"}],"predecessor-version":[{"id":7002,"href":"https:\/\/agora.xtec.cat\/zerriuondara\/wp-json\/wp\/v2\/posts\/6996\/revisions\/7002"}],"wp:featuredmedia":[{"embeddable":true,"href":"https:\/\/agora.xtec.cat\/zerriuondara\/wp-json\/wp\/v2\/media\/6998"}],"wp:attachment":[{"href":"https:\/\/agora.xtec.cat\/zerriuondara\/wp-json\/wp\/v2\/media?parent=6996"}],"wp:term":[{"taxonomy":"category","embeddable":true,"href":"https:\/\/agora.xtec.cat\/zerriuondara\/wp-json\/wp\/v2\/categories?post=6996"},{"taxonomy":"post_tag","embeddable":true,"href":"https:\/\/agora.xtec.cat\/zerriuondara\/wp-json\/wp\/v2\/tags?post=6996"}],"curies":[{"name":"wp","href":"https:\/\/api.w.org\/{rel}","templated":true}]}}