{"id":695,"date":"2015-11-25T13:12:29","date_gmt":"2015-11-25T12:12:29","guid":{"rendered":"http:\/\/agora.xtec.cat\/zerriuondara\/?p=695"},"modified":"2015-11-25T21:21:00","modified_gmt":"2015-11-25T20:21:00","slug":"som-la-classe-dels-castellers-de-tornabous","status":"publish","type":"post","link":"https:\/\/agora.xtec.cat\/zerriuondara\/escola-espigol\/som-la-classe-dels-castellers-de-tornabous\/","title":{"rendered":"SOM LA CLASSE DELS CASTELLERS DE TORNABOUS"},"content":{"rendered":"<p>Som la classe de P5. Ens diem:\u00a0 \u00c0lex, Rayan, Walter, Raul, Shaila, Oualid, Ra\u00fcl, Roc\u00edo, Roger, Liviu i Patr\u00edcia.<\/p>\n<p>El nom que tenim aquest curs \u00e9s Els Castellers de Tornabous, el vam triar en veure la valentia de l&#8217;enxaneta com s&#8217;enfila fins a coronar el castell.<\/p>\n<p>P5 \u00e9s l&#8217;\u00faltim curs d&#8217;Educaci\u00f3 Infantil, esperem passar-ho molt b\u00e9!!!!<\/p>\n<p><a href=\"http:\/\/agora.xtec.cat\/zerriuondara\/wp-content\/uploads\/usu561\/2015\/11\/resized_IMG_5649.jpg\"><img loading=\"lazy\" decoding=\"async\" class=\"alignnone size-large wp-image-698\" src=\"http:\/\/agora.xtec.cat\/zerriuondara\/wp-content\/uploads\/usu561\/2015\/11\/resized_IMG_5649-1024x768.jpg\" alt=\"resized_IMG_5649\" width=\"1024\" height=\"768\" srcset=\"https:\/\/agora.xtec.cat\/zerriuondara\/wp-content\/uploads\/usu561\/2015\/11\/resized_IMG_5649-1024x768.jpg 1024w, https:\/\/agora.xtec.cat\/zerriuondara\/wp-content\/uploads\/usu561\/2015\/11\/resized_IMG_5649-300x225.jpg 300w, https:\/\/agora.xtec.cat\/zerriuondara\/wp-content\/uploads\/usu561\/2015\/11\/resized_IMG_5649-200x150.jpg 200w, https:\/\/agora.xtec.cat\/zerriuondara\/wp-content\/uploads\/usu561\/2015\/11\/resized_IMG_5649.jpg 1824w\" sizes=\"auto, (max-width: 1024px) 100vw, 1024px\" \/><\/a><\/p>\n","protected":false},"excerpt":{"rendered":"<p>Som la classe de P5. Ens diem:\u00a0 \u00c0lex, Rayan, Walter, Raul, Shaila, Oualid, Ra\u00fcl, Roc\u00edo, Roger, Liviu i Patr\u00edcia.<br \/>\nEl nom que tenim aquest curs \u00e9s Els Castellers de Tornabous, el vam triar en veure la valentia de l&#8217;enxaneta com s&#8217;enfila fins a coronar el castell.<br \/>\nP5&hellip;  <a href=\"https:\/\/agora.xtec.cat\/zerriuondara\/escola-espigol\/som-la-classe-dels-castellers-de-tornabous\/\" title=\"Read SOM LA CLASSE DELS CASTELLERS DE TORNABOUS\">Llegeix m\u00e9s\u00bb<\/a><\/p>\n","protected":false},"author":1,"featured_media":0,"comment_status":"open","ping_status":"open","sticky":false,"template":"","format":"standard","meta":{"_bbp_topic_count":0,"_bbp_reply_count":0,"_bbp_total_topic_count":0,"_bbp_total_reply_count":0,"_bbp_voice_count":0,"_bbp_anonymous_reply_count":0,"_bbp_topic_count_hidden":0,"_bbp_reply_count_hidden":0,"_bbp_forum_subforum_count":0,"footnotes":""},"categories":[95,69,88],"tags":[],"class_list":["post-695","post","type-post","status-publish","format-standard","hentry","category-curs15-16","category-escola-espigol","category-p5-espigol"],"post_mailing_queue_ids":[],"_links":{"self":[{"href":"https:\/\/agora.xtec.cat\/zerriuondara\/wp-json\/wp\/v2\/posts\/695","targetHints":{"allow":["GET"]}}],"collection":[{"href":"https:\/\/agora.xtec.cat\/zerriuondara\/wp-json\/wp\/v2\/posts"}],"about":[{"href":"https:\/\/agora.xtec.cat\/zerriuondara\/wp-json\/wp\/v2\/types\/post"}],"author":[{"embeddable":true,"href":"https:\/\/agora.xtec.cat\/zerriuondara\/wp-json\/wp\/v2\/users\/1"}],"replies":[{"embeddable":true,"href":"https:\/\/agora.xtec.cat\/zerriuondara\/wp-json\/wp\/v2\/comments?post=695"}],"version-history":[{"count":2,"href":"https:\/\/agora.xtec.cat\/zerriuondara\/wp-json\/wp\/v2\/posts\/695\/revisions"}],"predecessor-version":[{"id":715,"href":"https:\/\/agora.xtec.cat\/zerriuondara\/wp-json\/wp\/v2\/posts\/695\/revisions\/715"}],"wp:attachment":[{"href":"https:\/\/agora.xtec.cat\/zerriuondara\/wp-json\/wp\/v2\/media?parent=695"}],"wp:term":[{"taxonomy":"category","embeddable":true,"href":"https:\/\/agora.xtec.cat\/zerriuondara\/wp-json\/wp\/v2\/categories?post=695"},{"taxonomy":"post_tag","embeddable":true,"href":"https:\/\/agora.xtec.cat\/zerriuondara\/wp-json\/wp\/v2\/tags?post=695"}],"curies":[{"name":"wp","href":"https:\/\/api.w.org\/{rel}","templated":true}]}}