{"id":6257,"date":"2024-02-14T11:22:14","date_gmt":"2024-02-14T10:22:14","guid":{"rendered":"https:\/\/agora.xtec.cat\/zerriuondara\/?p=6257"},"modified":"2024-02-14T11:22:14","modified_gmt":"2024-02-14T10:22:14","slug":"la-reina-del-carnestoltes-la-mare-terra","status":"publish","type":"post","link":"https:\/\/agora.xtec.cat\/zerriuondara\/general-espigol\/la-reina-del-carnestoltes-la-mare-terra\/","title":{"rendered":"La Reina del Carnestoltes.. La Mare Terra!"},"content":{"rendered":"<p><a href=\"https:\/\/agora.xtec.cat\/zerriuondara\/wp-content\/uploads\/usu561\/2024\/02\/carnaval-imatge.jpeg\"><img loading=\"lazy\" decoding=\"async\" class=\"alignnone wp-image-6259\" src=\"https:\/\/agora.xtec.cat\/zerriuondara\/wp-content\/uploads\/usu561\/2024\/02\/carnaval-imatge-532x1024.jpeg\" alt=\"\" width=\"238\" height=\"458\" srcset=\"https:\/\/agora.xtec.cat\/zerriuondara\/wp-content\/uploads\/usu561\/2024\/02\/carnaval-imatge-532x1024.jpeg 532w, https:\/\/agora.xtec.cat\/zerriuondara\/wp-content\/uploads\/usu561\/2024\/02\/carnaval-imatge-156x300.jpeg 156w, https:\/\/agora.xtec.cat\/zerriuondara\/wp-content\/uploads\/usu561\/2024\/02\/carnaval-imatge-768x1477.jpeg 768w, https:\/\/agora.xtec.cat\/zerriuondara\/wp-content\/uploads\/usu561\/2024\/02\/carnaval-imatge-799x1536.jpeg 799w, https:\/\/agora.xtec.cat\/zerriuondara\/wp-content\/uploads\/usu561\/2024\/02\/carnaval-imatge-1065x2048.jpeg 1065w, https:\/\/agora.xtec.cat\/zerriuondara\/wp-content\/uploads\/usu561\/2024\/02\/carnaval-imatge.jpeg 1223w\" sizes=\"auto, (max-width: 238px) 100vw, 238px\" \/><\/a><\/p>\n<p>Avui hem dit ad\u00e9u a la nostra estimada\u00a0 Mare Terra, que aquest any representava la nostra reina de Carnaval, una Terra trista, per aquest canvi clim\u00e0tic que cada vegada ens afecta m\u00e9s en el nostre dia a dia. Per aix\u00f2 l&#8217;alumnat de l&#8217;escola ens hem disfressat representant les diferents ODS (objectius de desenvolupament sostenible), ja que ens preocupa i volem que tothom visualitzi el problema que tenim donant petites solucions que entre tots podem fer possible. Durant la rua hem fet diferents balls, relacionats amb la nostra disfressa i tamb\u00e9 per cicles, hem explicat que representava la nostra disfressa.<\/p>\n<p>Hem gaudit molt preparant aquesta festa i\u00a0 tamb\u00e9 hem apr\u00e8s moltes coses noves.<\/p>\n<p>Entre tots hem salvat la Mare Terra!!<\/p>\n<p><a href=\"https:\/\/drive.google.com\/drive\/folders\/1nCpoSdG3aBkKLmpS0601Pb8pQbeJ3Hhe?usp=drive_link\">Aqu\u00ed teniu algunes imatges del dia!<\/a><\/p>\n<p>&nbsp;<\/p>\n<p>&nbsp;<\/p>\n<p>&nbsp;<\/p>\n","protected":false},"excerpt":{"rendered":"<p><a href=\"https:\/\/agora.xtec.cat\/zerriuondara\/wp-content\/uploads\/usu561\/2024\/02\/carnaval-imatge.jpeg\"><\/a><br \/>\nAvui hem dit ad\u00e9u a la nostra estimada\u00a0 Mare Terra, que aquest any representava la nostra reina de Carnaval, una Terra trista, per aquest canvi clim\u00e0tic que cada vegada ens afecta m\u00e9s en el nostre dia a dia. Per aix\u00f2 l&#8217;alumnat de l&#8217;escola ens&hellip;  <a href=\"https:\/\/agora.xtec.cat\/zerriuondara\/general-espigol\/la-reina-del-carnestoltes-la-mare-terra\/\" title=\"Read La Reina del Carnestoltes.. La Mare Terra!\">Llegeix m\u00e9s\u00bb<\/a><\/p>\n","protected":false},"author":52,"featured_media":0,"comment_status":"open","ping_status":"closed","sticky":false,"template":"","format":"standard","meta":{"_bbp_topic_count":0,"_bbp_reply_count":0,"_bbp_total_topic_count":0,"_bbp_total_reply_count":0,"_bbp_voice_count":0,"_bbp_anonymous_reply_count":0,"_bbp_topic_count_hidden":0,"_bbp_reply_count_hidden":0,"_bbp_forum_subforum_count":0,"footnotes":""},"categories":[69,1,94],"tags":[],"class_list":["post-6257","post","type-post","status-publish","format-standard","hentry","category-escola-espigol","category-general-espigol","category-portada"],"post_mailing_queue_ids":[],"_links":{"self":[{"href":"https:\/\/agora.xtec.cat\/zerriuondara\/wp-json\/wp\/v2\/posts\/6257","targetHints":{"allow":["GET"]}}],"collection":[{"href":"https:\/\/agora.xtec.cat\/zerriuondara\/wp-json\/wp\/v2\/posts"}],"about":[{"href":"https:\/\/agora.xtec.cat\/zerriuondara\/wp-json\/wp\/v2\/types\/post"}],"author":[{"embeddable":true,"href":"https:\/\/agora.xtec.cat\/zerriuondara\/wp-json\/wp\/v2\/users\/52"}],"replies":[{"embeddable":true,"href":"https:\/\/agora.xtec.cat\/zerriuondara\/wp-json\/wp\/v2\/comments?post=6257"}],"version-history":[{"count":5,"href":"https:\/\/agora.xtec.cat\/zerriuondara\/wp-json\/wp\/v2\/posts\/6257\/revisions"}],"predecessor-version":[{"id":6267,"href":"https:\/\/agora.xtec.cat\/zerriuondara\/wp-json\/wp\/v2\/posts\/6257\/revisions\/6267"}],"wp:attachment":[{"href":"https:\/\/agora.xtec.cat\/zerriuondara\/wp-json\/wp\/v2\/media?parent=6257"}],"wp:term":[{"taxonomy":"category","embeddable":true,"href":"https:\/\/agora.xtec.cat\/zerriuondara\/wp-json\/wp\/v2\/categories?post=6257"},{"taxonomy":"post_tag","embeddable":true,"href":"https:\/\/agora.xtec.cat\/zerriuondara\/wp-json\/wp\/v2\/tags?post=6257"}],"curies":[{"name":"wp","href":"https:\/\/api.w.org\/{rel}","templated":true}]}}