{"id":6150,"date":"2024-01-11T11:46:05","date_gmt":"2024-01-11T10:46:05","guid":{"rendered":"https:\/\/agora.xtec.cat\/zerriuondara\/?p=6150"},"modified":"2024-02-09T11:41:01","modified_gmt":"2024-02-09T10:41:01","slug":"una-segunda-lengua-a-traves-del-cuento","status":"publish","type":"post","link":"https:\/\/agora.xtec.cat\/zerriuondara\/general-espigol\/una-segunda-lengua-a-traves-del-cuento\/","title":{"rendered":"Una segunda lengua a trav\u00e9s del cuento."},"content":{"rendered":"<div id=\"left-area\">\n<p>El cuento es desde los primeros a\u00f1os de vida un instrumento que ayuda a construir s\u00f3lidas estructuras a la fantas\u00eda de las ni\u00f1as y los ni\u00f1os reforzando la capacidad de imaginar. Los cuentos son una parte muy importante en su crecimiento y desarrollo. Adem\u00e1s la narraci\u00f3n de cuentos por parte de los adultos son una buena forma de crear lazos de uni\u00f3n con los m\u00e1s peque\u00f1os, fomentando su imaginaci\u00f3n y creatividad, ahuyentando los temores y haci\u00e9ndoles sentir m\u00e1s valientes al inspirarse en sus personajes favoritos.<\/p>\n<p>Por ello, desde el centro ha sido el medio escogido para el trabajo de una segunda lengua, el castellano, ya que tal y como se\u00f1ala nuestro Decreto 21\/2023, de 7 de febrero, <i>&#8220;En aquesta etapa s&#8217;inicia el contacte amb lleng\u00fces i cultures diferents de la familiar, cosa que fomenta en els infants les actituds de respecte per la diversitat ling\u00fc\u00edstica i cultural, aix\u00ed com l&#8217;inter\u00e8s per l&#8217;enriquiment del repertori ling\u00fc\u00edstic.&#8221;<\/i><\/p>\n<p>Aqu\u00ed os dejamos algunas de las fotos realizadas durante las sesiones.<\/p>\n<article class=\"et_pb_post post-198634 post type-post status-publish format-standard has-post-thumbnail hentry category-clase-azul category-clase-naranja category-clase-roja category-clase-verde category-depeques category-destacadas tag-de-que-color-es-un-beso tag-puedo-mirar-tu-panal tag-a-bit-lost tag-adivina-cuanto-te-quiero tag-charlie-chick-goes-to-school tag-cuentos tag-cuentos-infantiles tag-dear-zoo tag-el-monstruo-de-colores tag-el-monstruo-rosa tag-el-pez-arociris tag-elmer tag-la-cebra-camila tag-libros tag-lost-and-found tag-the-cat-in-the-hat tag-the-gruffalo tag-the-very-hungry-caterpillar tag-un-libro tag-were-going-on-a-bear-hunt tag-wheres-spot\">\u00a0<a href=\"https:\/\/agora.xtec.cat\/zerriuondara\/wp-content\/uploads\/usu561\/2024\/01\/WhatsApp-Image-2024-01-11-at-10.57.24-min.jpeg\"><img loading=\"lazy\" decoding=\"async\" class=\"alignnone size-large wp-image-6152\" src=\"https:\/\/agora.xtec.cat\/zerriuondara\/wp-content\/uploads\/usu561\/2024\/01\/WhatsApp-Image-2024-01-11-at-10.57.24-min-1024x768.jpeg\" alt=\"\" width=\"1024\" height=\"768\" srcset=\"https:\/\/agora.xtec.cat\/zerriuondara\/wp-content\/uploads\/usu561\/2024\/01\/WhatsApp-Image-2024-01-11-at-10.57.24-min-1024x768.jpeg 1024w, https:\/\/agora.xtec.cat\/zerriuondara\/wp-content\/uploads\/usu561\/2024\/01\/WhatsApp-Image-2024-01-11-at-10.57.24-min-300x225.jpeg 300w, https:\/\/agora.xtec.cat\/zerriuondara\/wp-content\/uploads\/usu561\/2024\/01\/WhatsApp-Image-2024-01-11-at-10.57.24-min-768x576.jpeg 768w, https:\/\/agora.xtec.cat\/zerriuondara\/wp-content\/uploads\/usu561\/2024\/01\/WhatsApp-Image-2024-01-11-at-10.57.24-min-1536x1152.jpeg 1536w, https:\/\/agora.xtec.cat\/zerriuondara\/wp-content\/uploads\/usu561\/2024\/01\/WhatsApp-Image-2024-01-11-at-10.57.24-min-200x150.jpeg 200w, https:\/\/agora.xtec.cat\/zerriuondara\/wp-content\/uploads\/usu561\/2024\/01\/WhatsApp-Image-2024-01-11-at-10.57.24-min.jpeg 1600w\" sizes=\"auto, (max-width: 1024px) 100vw, 1024px\" \/><\/a><\/article>\n<\/div>\n","protected":false},"excerpt":{"rendered":"<p>El cuento es desde los primeros a\u00f1os de vida un instrumento que ayuda a construir s\u00f3lidas estructuras a la fantas\u00eda de las ni\u00f1as y los ni\u00f1os reforzando la capacidad de imaginar. Los cuentos son una parte muy importante en su crecimiento y desarrollo. Adem\u00e1s la&hellip;  <a href=\"https:\/\/agora.xtec.cat\/zerriuondara\/general-espigol\/una-segunda-lengua-a-traves-del-cuento\/\" title=\"Read Una segunda lengua a trav\u00e9s del cuento.\">Llegeix m\u00e9s\u00bb<\/a><\/p>\n","protected":false},"author":47,"featured_media":0,"comment_status":"open","ping_status":"closed","sticky":false,"template":"","format":"standard","meta":{"_bbp_topic_count":0,"_bbp_reply_count":0,"_bbp_total_topic_count":0,"_bbp_total_reply_count":0,"_bbp_voice_count":0,"_bbp_anonymous_reply_count":0,"_bbp_topic_count_hidden":0,"_bbp_reply_count_hidden":0,"_bbp_forum_subforum_count":0,"footnotes":""},"categories":[69,1,94],"tags":[141,140],"class_list":["post-6150","post","type-post","status-publish","format-standard","hentry","category-escola-espigol","category-general-espigol","category-portada","tag-aprenentatge","tag-curs-2023-2024"],"post_mailing_queue_ids":[],"_links":{"self":[{"href":"https:\/\/agora.xtec.cat\/zerriuondara\/wp-json\/wp\/v2\/posts\/6150","targetHints":{"allow":["GET"]}}],"collection":[{"href":"https:\/\/agora.xtec.cat\/zerriuondara\/wp-json\/wp\/v2\/posts"}],"about":[{"href":"https:\/\/agora.xtec.cat\/zerriuondara\/wp-json\/wp\/v2\/types\/post"}],"author":[{"embeddable":true,"href":"https:\/\/agora.xtec.cat\/zerriuondara\/wp-json\/wp\/v2\/users\/47"}],"replies":[{"embeddable":true,"href":"https:\/\/agora.xtec.cat\/zerriuondara\/wp-json\/wp\/v2\/comments?post=6150"}],"version-history":[{"count":5,"href":"https:\/\/agora.xtec.cat\/zerriuondara\/wp-json\/wp\/v2\/posts\/6150\/revisions"}],"predecessor-version":[{"id":6246,"href":"https:\/\/agora.xtec.cat\/zerriuondara\/wp-json\/wp\/v2\/posts\/6150\/revisions\/6246"}],"wp:attachment":[{"href":"https:\/\/agora.xtec.cat\/zerriuondara\/wp-json\/wp\/v2\/media?parent=6150"}],"wp:term":[{"taxonomy":"category","embeddable":true,"href":"https:\/\/agora.xtec.cat\/zerriuondara\/wp-json\/wp\/v2\/categories?post=6150"},{"taxonomy":"post_tag","embeddable":true,"href":"https:\/\/agora.xtec.cat\/zerriuondara\/wp-json\/wp\/v2\/tags?post=6150"}],"curies":[{"name":"wp","href":"https:\/\/api.w.org\/{rel}","templated":true}]}}