{"id":6044,"date":"2023-11-23T10:22:26","date_gmt":"2023-11-23T09:22:26","guid":{"rendered":"https:\/\/agora.xtec.cat\/zerriuondara\/?p=6044"},"modified":"2023-11-23T10:26:18","modified_gmt":"2023-11-23T09:26:18","slug":"dia-mundial-de-la-ciencia","status":"publish","type":"post","link":"https:\/\/agora.xtec.cat\/zerriuondara\/escola-espigol\/dia-mundial-de-la-ciencia\/","title":{"rendered":"DIA MUNDIAL DE LA CI\u00c8NCIA"},"content":{"rendered":"<p>&nbsp;<\/p>\n<p><a href=\"https:\/\/agora.xtec.cat\/zerriuondara\/wp-content\/uploads\/usu561\/2023\/11\/17001364842096111-scaled.jpg\"><img loading=\"lazy\" decoding=\"async\" class=\"alignnone wp-image-6045\" src=\"https:\/\/agora.xtec.cat\/zerriuondara\/wp-content\/uploads\/usu561\/2023\/11\/17001364842096111-771x1024.jpg\" alt=\"\" width=\"200\" height=\"266\" srcset=\"https:\/\/agora.xtec.cat\/zerriuondara\/wp-content\/uploads\/usu561\/2023\/11\/17001364842096111-771x1024.jpg 771w, https:\/\/agora.xtec.cat\/zerriuondara\/wp-content\/uploads\/usu561\/2023\/11\/17001364842096111-226x300.jpg 226w, https:\/\/agora.xtec.cat\/zerriuondara\/wp-content\/uploads\/usu561\/2023\/11\/17001364842096111-768x1020.jpg 768w, https:\/\/agora.xtec.cat\/zerriuondara\/wp-content\/uploads\/usu561\/2023\/11\/17001364842096111-1157x1536.jpg 1157w, https:\/\/agora.xtec.cat\/zerriuondara\/wp-content\/uploads\/usu561\/2023\/11\/17001364842096111-1542x2048.jpg 1542w, https:\/\/agora.xtec.cat\/zerriuondara\/wp-content\/uploads\/usu561\/2023\/11\/17001364842096111-scaled.jpg 1928w\" sizes=\"auto, (max-width: 200px) 100vw, 200px\" \/><\/a><\/p>\n<p>&nbsp;<\/p>\n<p>El passat 16 de novembre a l&#8217;escola Esp\u00edgol de Tornabous vam celebrar el Dia Mundial de la Ci\u00e8ncia. Van venir els nostres companys i companyes de l&#8217;escola Sant Roc de Barbens i vam aprofitar el m\u00e0xim el dia per aprendre curiositats\u00a0 i viure noves experi\u00e8ncies tots junts.<\/p>\n<p>Al mati vam experimentar amb uns tallers molt interessants sobre l&#8217;ADN entre molts d&#8217;altres dinamitzats per professionals que es dediquen en aquest m\u00f3n tant curi\u00f3s i apassionant i tamb\u00e9 vam con\u00e8ixer la vida d&#8217;un cient\u00edfic lleidat\u00e0 que investigava l&#8217;or\u00edgen de la vida a la Terra, en Joan Or\u00f3. A l&#8217;hora de dinar vam poder gaudir de les instal.lacions esportives de Tornabous. A la tarda vam fer una excurcioneta tots junts, on per grups vam fer fotos al Plataner Monumental que tenim prop del poble i que en aquesta \u00e8poca de l&#8217;any veure&#8217;l \u00e9s espectacular amb la gran varietat de colors que ens mostra.<\/p>\n<p>Vam passar un dia ple d&#8217;emocions i retrobaments que esperem repetir ben aviat!<\/p>\n<p>Recull d&#8217;imatges<\/p>\n<p><a href=\"https:\/\/drive.google.com\/drive\/folders\/1qc51XoEnm3Hm-NvwsN9GEjnbwoh_1cLm?usp=drive_link\">Dia Mundial de la Ci\u00e8ncia<\/a><\/p>\n","protected":false},"excerpt":{"rendered":"<p>&nbsp;<br \/>\n<a href=\"https:\/\/agora.xtec.cat\/zerriuondara\/wp-content\/uploads\/usu561\/2023\/11\/17001364842096111-scaled.jpg\"><\/a><br \/>\n&nbsp;<br \/>\nEl passat 16 de novembre a l&#8217;escola Esp\u00edgol de Tornabous vam celebrar el Dia Mundial de la Ci\u00e8ncia. Van venir els nostres companys i companyes de l&#8217;escola Sant Roc de Barbens i vam aprofitar el m\u00e0xim el dia per aprendre curiositats\u00a0 i viure noves&hellip;  <a href=\"https:\/\/agora.xtec.cat\/zerriuondara\/escola-espigol\/dia-mundial-de-la-ciencia\/\" title=\"Read DIA MUNDIAL DE LA CI\u00c8NCIA\">Llegeix m\u00e9s\u00bb<\/a><\/p>\n","protected":false},"author":52,"featured_media":0,"comment_status":"closed","ping_status":"closed","sticky":false,"template":"","format":"standard","meta":{"_bbp_topic_count":0,"_bbp_reply_count":0,"_bbp_total_topic_count":0,"_bbp_total_reply_count":0,"_bbp_voice_count":0,"_bbp_anonymous_reply_count":0,"_bbp_topic_count_hidden":0,"_bbp_reply_count_hidden":0,"_bbp_forum_subforum_count":0,"footnotes":""},"categories":[69,94],"tags":[],"class_list":["post-6044","post","type-post","status-publish","format-standard","hentry","category-escola-espigol","category-portada"],"post_mailing_queue_ids":[],"_links":{"self":[{"href":"https:\/\/agora.xtec.cat\/zerriuondara\/wp-json\/wp\/v2\/posts\/6044","targetHints":{"allow":["GET"]}}],"collection":[{"href":"https:\/\/agora.xtec.cat\/zerriuondara\/wp-json\/wp\/v2\/posts"}],"about":[{"href":"https:\/\/agora.xtec.cat\/zerriuondara\/wp-json\/wp\/v2\/types\/post"}],"author":[{"embeddable":true,"href":"https:\/\/agora.xtec.cat\/zerriuondara\/wp-json\/wp\/v2\/users\/52"}],"replies":[{"embeddable":true,"href":"https:\/\/agora.xtec.cat\/zerriuondara\/wp-json\/wp\/v2\/comments?post=6044"}],"version-history":[{"count":5,"href":"https:\/\/agora.xtec.cat\/zerriuondara\/wp-json\/wp\/v2\/posts\/6044\/revisions"}],"predecessor-version":[{"id":6054,"href":"https:\/\/agora.xtec.cat\/zerriuondara\/wp-json\/wp\/v2\/posts\/6044\/revisions\/6054"}],"wp:attachment":[{"href":"https:\/\/agora.xtec.cat\/zerriuondara\/wp-json\/wp\/v2\/media?parent=6044"}],"wp:term":[{"taxonomy":"category","embeddable":true,"href":"https:\/\/agora.xtec.cat\/zerriuondara\/wp-json\/wp\/v2\/categories?post=6044"},{"taxonomy":"post_tag","embeddable":true,"href":"https:\/\/agora.xtec.cat\/zerriuondara\/wp-json\/wp\/v2\/tags?post=6044"}],"curies":[{"name":"wp","href":"https:\/\/api.w.org\/{rel}","templated":true}]}}