{"id":5774,"date":"2023-06-26T23:58:21","date_gmt":"2023-06-26T21:58:21","guid":{"rendered":"https:\/\/agora.xtec.cat\/zerriuondara\/?p=5774"},"modified":"2023-06-26T23:58:21","modified_gmt":"2023-06-26T21:58:21","slug":"la-zer-riu-ondara-sacomiada-del-curs","status":"publish","type":"post","link":"https:\/\/agora.xtec.cat\/zerriuondara\/general-espigol\/la-zer-riu-ondara-sacomiada-del-curs\/","title":{"rendered":"LA ZER RIU ONDARA S&#8217;ACOMIADA DEL CURS"},"content":{"rendered":"<p>&nbsp;<\/p>\n<p><a href=\"https:\/\/agora.xtec.cat\/zerriuondara\/wp-content\/uploads\/usu561\/2023\/06\/ZER-TROBADA.jpg\"><img loading=\"lazy\" decoding=\"async\" class=\"wp-image-5779 aligncenter\" src=\"https:\/\/agora.xtec.cat\/zerriuondara\/wp-content\/uploads\/usu561\/2023\/06\/ZER-TROBADA.jpg\" alt=\"\" width=\"662\" height=\"298\" srcset=\"https:\/\/agora.xtec.cat\/zerriuondara\/wp-content\/uploads\/usu561\/2023\/06\/ZER-TROBADA.jpg 1500w, https:\/\/agora.xtec.cat\/zerriuondara\/wp-content\/uploads\/usu561\/2023\/06\/ZER-TROBADA-300x135.jpg 300w, https:\/\/agora.xtec.cat\/zerriuondara\/wp-content\/uploads\/usu561\/2023\/06\/ZER-TROBADA-1024x461.jpg 1024w, https:\/\/agora.xtec.cat\/zerriuondara\/wp-content\/uploads\/usu561\/2023\/06\/ZER-TROBADA-768x346.jpg 768w\" sizes=\"auto, (max-width: 662px) 100vw, 662px\" \/><\/a><\/p>\n<p>El dimecres dia 21 de juny vam fer l&#8217;\u00faltima trobada de ZER d&#8217;aquest curs, juntament amb els infants de les dues llars.<\/p>\n<p>Va ser un mat\u00ed molt especial on tots i totes vam poder compartir activitats i propostes que hem treballat durant tot el curs, per\u00f2 aquesta vegada amb els companys i companyes de les dues escoles.<\/p>\n<p>Va ser un mat\u00ed dedicat a l&#8217;expressi\u00f3 art\u00edstica,corporal,musical,&#8230; on la creativitat va ser la convidada especial.<\/p>\n<p>Minimons, Bommwakers, ioga, produccions art\u00edstiques i musicals, taules de llum, contes, land art&#8230; van regalar molts bons moments.<\/p>\n<p>Els m\u00e9s grans de l&#8217;escola van fer un taller de percussi\u00f3 amb el grup Sound de Sec\u00e0 i ens van fer dues exhibicions perqu\u00e8 tots en pugu\u00e9ssim gaudir.<\/p>\n<p>Ha esta un curs ple d&#8217;aprenentatges i de retrobaments. Poc a poc,&#8230; la ZER torna a ser una petita realitat.<\/p>\n<p>Gr\u00e0cies a tots i totes per fer-ho possible.<\/p>\n<p><a href=\"https:\/\/drive.google.com\/drive\/folders\/1_BoTdOj0eUBXxgUnlNq-UXxSBq62TAHO?usp=sharing\">FOTOS I V\u00cdDEOS<\/a><\/p>\n<p>&nbsp;<\/p>\n","protected":false},"excerpt":{"rendered":"<p>&nbsp;<br \/>\n<a href=\"https:\/\/agora.xtec.cat\/zerriuondara\/wp-content\/uploads\/usu561\/2023\/06\/ZER-TROBADA.jpg\"><\/a><br \/>\nEl dimecres dia 21 de juny vam fer l&#8217;\u00faltima trobada de ZER d&#8217;aquest curs, juntament amb els infants de les dues llars.<br \/>\nVa ser un mat\u00ed molt especial on tots i totes vam poder compartir activitats i propostes que hem treballat durant tot el curs,&hellip;  <a href=\"https:\/\/agora.xtec.cat\/zerriuondara\/general-espigol\/la-zer-riu-ondara-sacomiada-del-curs\/\" title=\"Read LA ZER RIU ONDARA S&#8217;ACOMIADA DEL CURS\">Llegeix m\u00e9s\u00bb<\/a><\/p>\n","protected":false},"author":1,"featured_media":5781,"comment_status":"open","ping_status":"closed","sticky":false,"template":"","format":"standard","meta":{"_bbp_topic_count":0,"_bbp_reply_count":0,"_bbp_total_topic_count":0,"_bbp_total_reply_count":0,"_bbp_voice_count":0,"_bbp_anonymous_reply_count":0,"_bbp_topic_count_hidden":0,"_bbp_reply_count_hidden":0,"_bbp_forum_subforum_count":0,"footnotes":""},"categories":[89,64,85,65,86,66,133,69,59,1,131,132,87,93,96,97,88,92,94],"tags":[],"class_list":["post-5774","post","type-post","status-publish","format-standard","has-post-thumbnail","hentry","category-inicial-espigol","category-inicial-sant-roc","category-mitja-espigol","category-mitja-sant-roc","category-superior-espigol","category-superior-sant-roc","category-curs-2022-2023","category-escola-espigol","category-escola-st-roc","category-general-espigol","category-p1-espigol","category-p2-espigol","category-p3-espigol","category-p3-st-roc","category-p4-espigol","category-p4-sant-roc","category-p5-espigol","category-p5-st-roc","category-portada"],"post_mailing_queue_ids":[],"_links":{"self":[{"href":"https:\/\/agora.xtec.cat\/zerriuondara\/wp-json\/wp\/v2\/posts\/5774","targetHints":{"allow":["GET"]}}],"collection":[{"href":"https:\/\/agora.xtec.cat\/zerriuondara\/wp-json\/wp\/v2\/posts"}],"about":[{"href":"https:\/\/agora.xtec.cat\/zerriuondara\/wp-json\/wp\/v2\/types\/post"}],"author":[{"embeddable":true,"href":"https:\/\/agora.xtec.cat\/zerriuondara\/wp-json\/wp\/v2\/users\/1"}],"replies":[{"embeddable":true,"href":"https:\/\/agora.xtec.cat\/zerriuondara\/wp-json\/wp\/v2\/comments?post=5774"}],"version-history":[{"count":3,"href":"https:\/\/agora.xtec.cat\/zerriuondara\/wp-json\/wp\/v2\/posts\/5774\/revisions"}],"predecessor-version":[{"id":5782,"href":"https:\/\/agora.xtec.cat\/zerriuondara\/wp-json\/wp\/v2\/posts\/5774\/revisions\/5782"}],"wp:featuredmedia":[{"embeddable":true,"href":"https:\/\/agora.xtec.cat\/zerriuondara\/wp-json\/wp\/v2\/media\/5781"}],"wp:attachment":[{"href":"https:\/\/agora.xtec.cat\/zerriuondara\/wp-json\/wp\/v2\/media?parent=5774"}],"wp:term":[{"taxonomy":"category","embeddable":true,"href":"https:\/\/agora.xtec.cat\/zerriuondara\/wp-json\/wp\/v2\/categories?post=5774"},{"taxonomy":"post_tag","embeddable":true,"href":"https:\/\/agora.xtec.cat\/zerriuondara\/wp-json\/wp\/v2\/tags?post=5774"}],"curies":[{"name":"wp","href":"https:\/\/api.w.org\/{rel}","templated":true}]}}