{"id":5334,"date":"2023-03-09T22:24:03","date_gmt":"2023-03-09T21:24:03","guid":{"rendered":"https:\/\/agora.xtec.cat\/zerriuondara\/?p=5334"},"modified":"2023-03-09T22:30:40","modified_gmt":"2023-03-09T21:30:40","slug":"teatre-musical-mos-kids-per-a-cicle-inicial","status":"publish","type":"post","link":"https:\/\/agora.xtec.cat\/zerriuondara\/general-espigol\/teatre-musical-mos-kids-per-a-cicle-inicial\/","title":{"rendered":"TEATRE MUSICAL &#8220;MOS-KIDS&#8221; PER A CICLE INICIAL"},"content":{"rendered":"<p>&nbsp;<\/p>\n<p><a href=\"https:\/\/agora.xtec.cat\/zerriuondara\/wp-content\/uploads\/usu561\/2023\/03\/IMG_3254.jpg\"><img loading=\"lazy\" decoding=\"async\" class=\"size-full wp-image-5341 aligncenter\" src=\"https:\/\/agora.xtec.cat\/zerriuondara\/wp-content\/uploads\/usu561\/2023\/03\/IMG_3254.jpg\" alt=\"\" width=\"640\" height=\"480\" srcset=\"https:\/\/agora.xtec.cat\/zerriuondara\/wp-content\/uploads\/usu561\/2023\/03\/IMG_3254.jpg 640w, https:\/\/agora.xtec.cat\/zerriuondara\/wp-content\/uploads\/usu561\/2023\/03\/IMG_3254-300x225.jpg 300w, https:\/\/agora.xtec.cat\/zerriuondara\/wp-content\/uploads\/usu561\/2023\/03\/IMG_3254-200x150.jpg 200w\" sizes=\"auto, (max-width: 640px) 100vw, 640px\" \/><\/a><\/p>\n<p>El dijous 9 de mar\u00e7 els infants de cicle inicial de les escoles Esp\u00edgol i Sant Roc han assistit a la funci\u00f3\u00a0 del musical &#8220;Mos-Kids&#8221; de la companyia Alea teatre al teatre Ateneu de T\u00e0rrega.<\/p>\n<p>Junts han passat una estona molt agradable i han ajudat a la Sati Moskid a tornar al Pa\u00eds de l&#8217;Aiguamoll.<\/p>\n<p>M\u00fasica, aprenentatges i moltes rialles. Han pogut gaudir del teatre i de tota la seva ess\u00e8ncia: grans actors i actrius i un escenari ple de color,&#8230; m\u00e0gia per als sentits!<\/p>\n<p><a href=\"https:\/\/drive.google.com\/drive\/folders\/1xtePECkDmjzepWDGVKvq1KaWk4CLVRjL?usp=share_link\">FOTOS<\/a><\/p>\n","protected":false},"excerpt":{"rendered":"<p>&nbsp;<br \/>\n<a href=\"https:\/\/agora.xtec.cat\/zerriuondara\/wp-content\/uploads\/usu561\/2023\/03\/IMG_3254.jpg\"><\/a><br \/>\nEl dijous 9 de mar\u00e7 els infants de cicle inicial de les escoles Esp\u00edgol i Sant Roc han assistit a la funci\u00f3\u00a0 del musical &#8220;Mos-Kids&#8221; de la companyia Alea teatre al teatre Ateneu de T\u00e0rrega.<br \/>\nJunts han passat una estona molt agradable i han ajudat&hellip;  <a href=\"https:\/\/agora.xtec.cat\/zerriuondara\/general-espigol\/teatre-musical-mos-kids-per-a-cicle-inicial\/\" title=\"Read TEATRE MUSICAL &#8220;MOS-KIDS&#8221; PER A CICLE INICIAL\">Llegeix m\u00e9s\u00bb<\/a><\/p>\n","protected":false},"author":1,"featured_media":5336,"comment_status":"open","ping_status":"closed","sticky":false,"template":"","format":"standard","meta":{"_bbp_topic_count":0,"_bbp_reply_count":0,"_bbp_total_topic_count":0,"_bbp_total_reply_count":0,"_bbp_voice_count":0,"_bbp_anonymous_reply_count":0,"_bbp_topic_count_hidden":0,"_bbp_reply_count_hidden":0,"_bbp_forum_subforum_count":0,"footnotes":""},"categories":[89,64,133,69,59,1,94],"tags":[],"class_list":["post-5334","post","type-post","status-publish","format-standard","has-post-thumbnail","hentry","category-inicial-espigol","category-inicial-sant-roc","category-curs-2022-2023","category-escola-espigol","category-escola-st-roc","category-general-espigol","category-portada"],"post_mailing_queue_ids":[],"_links":{"self":[{"href":"https:\/\/agora.xtec.cat\/zerriuondara\/wp-json\/wp\/v2\/posts\/5334","targetHints":{"allow":["GET"]}}],"collection":[{"href":"https:\/\/agora.xtec.cat\/zerriuondara\/wp-json\/wp\/v2\/posts"}],"about":[{"href":"https:\/\/agora.xtec.cat\/zerriuondara\/wp-json\/wp\/v2\/types\/post"}],"author":[{"embeddable":true,"href":"https:\/\/agora.xtec.cat\/zerriuondara\/wp-json\/wp\/v2\/users\/1"}],"replies":[{"embeddable":true,"href":"https:\/\/agora.xtec.cat\/zerriuondara\/wp-json\/wp\/v2\/comments?post=5334"}],"version-history":[{"count":3,"href":"https:\/\/agora.xtec.cat\/zerriuondara\/wp-json\/wp\/v2\/posts\/5334\/revisions"}],"predecessor-version":[{"id":5342,"href":"https:\/\/agora.xtec.cat\/zerriuondara\/wp-json\/wp\/v2\/posts\/5334\/revisions\/5342"}],"wp:featuredmedia":[{"embeddable":true,"href":"https:\/\/agora.xtec.cat\/zerriuondara\/wp-json\/wp\/v2\/media\/5336"}],"wp:attachment":[{"href":"https:\/\/agora.xtec.cat\/zerriuondara\/wp-json\/wp\/v2\/media?parent=5334"}],"wp:term":[{"taxonomy":"category","embeddable":true,"href":"https:\/\/agora.xtec.cat\/zerriuondara\/wp-json\/wp\/v2\/categories?post=5334"},{"taxonomy":"post_tag","embeddable":true,"href":"https:\/\/agora.xtec.cat\/zerriuondara\/wp-json\/wp\/v2\/tags?post=5334"}],"curies":[{"name":"wp","href":"https:\/\/api.w.org\/{rel}","templated":true}]}}