{"id":5157,"date":"2023-01-31T16:40:27","date_gmt":"2023-01-31T15:40:27","guid":{"rendered":"https:\/\/agora.xtec.cat\/zerriuondara\/?p=5157"},"modified":"2023-01-31T16:57:22","modified_gmt":"2023-01-31T15:57:22","slug":"celebrem-el-dia-de-la-pau-amb-kilometres-de-solidaritat","status":"publish","type":"post","link":"https:\/\/agora.xtec.cat\/zerriuondara\/general-espigol\/celebrem-el-dia-de-la-pau-amb-kilometres-de-solidaritat\/","title":{"rendered":"Celebrem el dia de la Pau amb Kil\u00f2metres de Solidaritat."},"content":{"rendered":"<p><img loading=\"lazy\" decoding=\"async\" class=\"aligncenter\" src=\"https:\/\/lh3.googleusercontent.com\/pw\/AMWts8B8crr6PtoJPrk24lRBUmlSyQkmJTfNmjhI3DJIqqA25mvs5lylqEA87rRrjcWq9fs0fQFpnBlcgaCu1LtFkDJMwo92ab_dpDlkLPRPHi9-kyjRr2N-ftHUhpJJw211M0dcceO9F8t2ihE-063-7ou8AA=w1440-h649-no?authuser=1\" alt=\"\" width=\"553\" height=\"249\" \/><\/p>\n<p>Com cada any a finals de gener a l&#8217;escola\u00a0 celebrat el &#8220;Dia Escolar de la No-Viol\u00e8ncia i la Pau&#8221; . Com que \u00e9s una de les fites m\u00e9s importants del curs ja vam comen\u00e7ar a posar fil a l&#8217;agulla la setmana abans, amb lectures de contes, articles, curtmetratges, debats i reflexions. A m\u00e9s a m\u00e9s, aquest any ho vam lligar amb l&#8217;autor que estem treballant a l&#8217;\u00e0mbit Art\u00edstic, en Keith Haring. Que a m\u00e9s de ser un dels m\u00e0xims representants del Pop Art i del Grafiti mundial era un activista social que pregonava un art popular i per a tothom.<\/p>\n<p>Per acabar l&#8217;escola es va unir a un dels programes de &#8220;Save the Children&#8221; per a recaptar fons per l&#8217;educaci\u00f3, superviv\u00e8ncia i protecci\u00f3 de la inf\u00e0ncia. El programa escollit va ser &#8220;Kil\u00f2metres de Solidaritat&#8221;, una cursa no competitiva on els nens, les fam\u00edlies i els mestres s\u00f3n els protagonistes i es posen les vambes per ajudar a aquells nens i nenes que pateixen arreu del m\u00f3n. Des d&#8217;aqu\u00ed volem donar les gr\u00e0cies a l&#8217;Ajuntament, a l&#8217;AMPA i a totes les fam\u00edlies que van col.laborar i participar en la festa.<\/p>\n<p><a href=\"https:\/\/photos.app.goo.gl\/gXse8Dpd9aPMsfM58\">https:\/\/photos.app.goo.gl\/gXse8Dpd9aPMsfM58<\/a><\/p>\n<p><a href=\"https:\/\/www.instagram.com\/reel\/CoDI8hNsnnD\/?igshid=MDJmNzVkMjY=\">https:\/\/www.instagram.com\/reel\/CoDI8hNsnnD\/?igshid=MDJmNzVkMjY=<\/a><\/p>\n<p>&nbsp;<\/p>\n<p>&nbsp;<\/p>\n<p>&nbsp;<\/p>\n","protected":false},"excerpt":{"rendered":"<p>Com cada any a finals de gener a l&#8217;escola\u00a0 celebrat el &#8220;Dia Escolar de la No-Viol\u00e8ncia i la Pau&#8221; . Com que \u00e9s una de les fites m\u00e9s importants del curs ja vam comen\u00e7ar a posar fil a l&#8217;agulla la setmana abans, amb lectures de&hellip;  <a href=\"https:\/\/agora.xtec.cat\/zerriuondara\/general-espigol\/celebrem-el-dia-de-la-pau-amb-kilometres-de-solidaritat\/\" title=\"Read Celebrem el dia de la Pau amb Kil\u00f2metres de Solidaritat.\">Llegeix m\u00e9s\u00bb<\/a><\/p>\n","protected":false},"author":21,"featured_media":0,"comment_status":"open","ping_status":"closed","sticky":false,"template":"","format":"standard","meta":{"_bbp_topic_count":0,"_bbp_reply_count":0,"_bbp_total_topic_count":0,"_bbp_total_reply_count":0,"_bbp_voice_count":0,"_bbp_anonymous_reply_count":0,"_bbp_topic_count_hidden":0,"_bbp_reply_count_hidden":0,"_bbp_forum_subforum_count":0,"footnotes":""},"categories":[133,69,59,1,94],"tags":[],"class_list":["post-5157","post","type-post","status-publish","format-standard","hentry","category-curs-2022-2023","category-escola-espigol","category-escola-st-roc","category-general-espigol","category-portada"],"post_mailing_queue_ids":[],"_links":{"self":[{"href":"https:\/\/agora.xtec.cat\/zerriuondara\/wp-json\/wp\/v2\/posts\/5157","targetHints":{"allow":["GET"]}}],"collection":[{"href":"https:\/\/agora.xtec.cat\/zerriuondara\/wp-json\/wp\/v2\/posts"}],"about":[{"href":"https:\/\/agora.xtec.cat\/zerriuondara\/wp-json\/wp\/v2\/types\/post"}],"author":[{"embeddable":true,"href":"https:\/\/agora.xtec.cat\/zerriuondara\/wp-json\/wp\/v2\/users\/21"}],"replies":[{"embeddable":true,"href":"https:\/\/agora.xtec.cat\/zerriuondara\/wp-json\/wp\/v2\/comments?post=5157"}],"version-history":[{"count":3,"href":"https:\/\/agora.xtec.cat\/zerriuondara\/wp-json\/wp\/v2\/posts\/5157\/revisions"}],"predecessor-version":[{"id":5159,"href":"https:\/\/agora.xtec.cat\/zerriuondara\/wp-json\/wp\/v2\/posts\/5157\/revisions\/5159"}],"wp:attachment":[{"href":"https:\/\/agora.xtec.cat\/zerriuondara\/wp-json\/wp\/v2\/media?parent=5157"}],"wp:term":[{"taxonomy":"category","embeddable":true,"href":"https:\/\/agora.xtec.cat\/zerriuondara\/wp-json\/wp\/v2\/categories?post=5157"},{"taxonomy":"post_tag","embeddable":true,"href":"https:\/\/agora.xtec.cat\/zerriuondara\/wp-json\/wp\/v2\/tags?post=5157"}],"curies":[{"name":"wp","href":"https:\/\/api.w.org\/{rel}","templated":true}]}}