{"id":5109,"date":"2023-01-13T13:31:02","date_gmt":"2023-01-13T12:31:02","guid":{"rendered":"https:\/\/agora.xtec.cat\/zerriuondara\/?p=5109"},"modified":"2023-01-13T13:31:02","modified_gmt":"2023-01-13T12:31:02","slug":"la-musica-a-traves-del-moviment","status":"publish","type":"post","link":"https:\/\/agora.xtec.cat\/zerriuondara\/general-espigol\/la-musica-a-traves-del-moviment\/","title":{"rendered":"La m\u00fasica a trav\u00e9s del moviment"},"content":{"rendered":"<p>Sobretot a Infantil, treballem la m\u00fasica de forma vivencial. Jaques Dalcroze deia que la m\u00fasica nom\u00e9s es pot viure a trav\u00e9s del moviment del cos.<\/p>\n<p>Si cliqueu a l&#8217;enlla\u00e7 podreu veure algunes fotos: <a href=\"https:\/\/drive.google.com\/drive\/folders\/1_w-xiYS29KvIxxsOj0-J1K6TRt6hMNov?usp=sharing\">FOTOS MOVIMENT INFANTIL<\/a><\/p>\n","protected":false},"excerpt":{"rendered":"<p>Sobretot a Infantil, treballem la m\u00fasica de forma vivencial. Jaques Dalcroze deia que la m\u00fasica nom\u00e9s es pot viure a trav\u00e9s del moviment del cos.<br \/>\nSi cliqueu a l&#8217;enlla\u00e7 podreu veure algunes fotos: <a href=\"https:\/\/drive.google.com\/drive\/folders\/1_w-xiYS29KvIxxsOj0-J1K6TRt6hMNov?usp=sharing\">FOTOS MOVIMENT INFANTIL<\/a><\/p>\n","protected":false},"author":1,"featured_media":5110,"comment_status":"open","ping_status":"closed","sticky":false,"template":"","format":"standard","meta":{"_bbp_topic_count":0,"_bbp_reply_count":0,"_bbp_total_topic_count":0,"_bbp_total_reply_count":0,"_bbp_voice_count":0,"_bbp_anonymous_reply_count":0,"_bbp_topic_count_hidden":0,"_bbp_reply_count_hidden":0,"_bbp_forum_subforum_count":0,"footnotes":""},"categories":[133,69,1,132,87,96,88,94],"tags":[],"class_list":["post-5109","post","type-post","status-publish","format-standard","has-post-thumbnail","hentry","category-curs-2022-2023","category-escola-espigol","category-general-espigol","category-p2-espigol","category-p3-espigol","category-p4-espigol","category-p5-espigol","category-portada"],"post_mailing_queue_ids":[],"_links":{"self":[{"href":"https:\/\/agora.xtec.cat\/zerriuondara\/wp-json\/wp\/v2\/posts\/5109","targetHints":{"allow":["GET"]}}],"collection":[{"href":"https:\/\/agora.xtec.cat\/zerriuondara\/wp-json\/wp\/v2\/posts"}],"about":[{"href":"https:\/\/agora.xtec.cat\/zerriuondara\/wp-json\/wp\/v2\/types\/post"}],"author":[{"embeddable":true,"href":"https:\/\/agora.xtec.cat\/zerriuondara\/wp-json\/wp\/v2\/users\/1"}],"replies":[{"embeddable":true,"href":"https:\/\/agora.xtec.cat\/zerriuondara\/wp-json\/wp\/v2\/comments?post=5109"}],"version-history":[{"count":2,"href":"https:\/\/agora.xtec.cat\/zerriuondara\/wp-json\/wp\/v2\/posts\/5109\/revisions"}],"predecessor-version":[{"id":5112,"href":"https:\/\/agora.xtec.cat\/zerriuondara\/wp-json\/wp\/v2\/posts\/5109\/revisions\/5112"}],"wp:featuredmedia":[{"embeddable":true,"href":"https:\/\/agora.xtec.cat\/zerriuondara\/wp-json\/wp\/v2\/media\/5110"}],"wp:attachment":[{"href":"https:\/\/agora.xtec.cat\/zerriuondara\/wp-json\/wp\/v2\/media?parent=5109"}],"wp:term":[{"taxonomy":"category","embeddable":true,"href":"https:\/\/agora.xtec.cat\/zerriuondara\/wp-json\/wp\/v2\/categories?post=5109"},{"taxonomy":"post_tag","embeddable":true,"href":"https:\/\/agora.xtec.cat\/zerriuondara\/wp-json\/wp\/v2\/tags?post=5109"}],"curies":[{"name":"wp","href":"https:\/\/api.w.org\/{rel}","templated":true}]}}