{"id":4666,"date":"2022-10-09T18:19:02","date_gmt":"2022-10-09T16:19:02","guid":{"rendered":"https:\/\/agora.xtec.cat\/zerriuondara\/?p=4666"},"modified":"2022-10-09T18:19:02","modified_gmt":"2022-10-09T16:19:02","slug":"capses-aprenentatge-a-cicle-superior","status":"publish","type":"post","link":"https:\/\/agora.xtec.cat\/zerriuondara\/general-espigol\/capses-aprenentatge-a-cicle-superior\/","title":{"rendered":"Capses aprenentatge a Cicle Superior"},"content":{"rendered":"<p class=\"western\"><span style=\"color: #444444\"><span style=\"font-family: sans-serif\"><span style=\"font-size: medium\"><a href=\"https:\/\/agora.xtec.cat\/zerriuondara\/wp-content\/uploads\/usu561\/2022\/10\/IMG_20220930_135751_326-scaled.jpg\"><img loading=\"lazy\" decoding=\"async\" class=\"aligncenter size-medium wp-image-4668\" src=\"https:\/\/agora.xtec.cat\/zerriuondara\/wp-content\/uploads\/usu561\/2022\/10\/IMG_20220930_135751_326-300x225.jpg\" alt=\"\" width=\"300\" height=\"225\" srcset=\"https:\/\/agora.xtec.cat\/zerriuondara\/wp-content\/uploads\/usu561\/2022\/10\/IMG_20220930_135751_326-300x225.jpg 300w, https:\/\/agora.xtec.cat\/zerriuondara\/wp-content\/uploads\/usu561\/2022\/10\/IMG_20220930_135751_326-1024x768.jpg 1024w, https:\/\/agora.xtec.cat\/zerriuondara\/wp-content\/uploads\/usu561\/2022\/10\/IMG_20220930_135751_326-768x576.jpg 768w, https:\/\/agora.xtec.cat\/zerriuondara\/wp-content\/uploads\/usu561\/2022\/10\/IMG_20220930_135751_326-1536x1152.jpg 1536w, https:\/\/agora.xtec.cat\/zerriuondara\/wp-content\/uploads\/usu561\/2022\/10\/IMG_20220930_135751_326-2048x1536.jpg 2048w, https:\/\/agora.xtec.cat\/zerriuondara\/wp-content\/uploads\/usu561\/2022\/10\/IMG_20220930_135751_326-200x150.jpg 200w\" sizes=\"auto, (max-width: 300px) 100vw, 300px\" \/><\/a>Arriba l&#8217;octubre i, poc a poc, el curs ha anat normalitzant les seves rutines. <\/span><\/span><\/span><\/p>\n<p class=\"western\"><span style=\"color: #444444\"><span style=\"font-family: sans-serif\"><span style=\"font-size: medium\">Ara s\u00ed, els i les alumnes de Cicle Superior ja ens <\/span><\/span><\/span><span style=\"color: #444444\"><span style=\"font-family: sans-serif\"><span style=\"font-size: medium\">trobem en una din\u00e0mica que ser\u00e0 habitual fins al mes de juny: les capses d&#8217;aprenentatge. Durant les primeres sessions hem descobert la capsa &#8220;A la ca\u00e7a d&#8217;un men\u00fa saludable&#8221; i la\u00a0 &#8220;Curamolt&#8221;. <\/span><\/span><\/span><\/p>\n<p class=\"western\"><span style=\"color: #444444\"><span style=\"font-family: sans-serif\"><span style=\"font-size: medium\">Il.lusions i nervis per con\u00e8ixer el seu contingut. <\/span><\/span>Aquesta \u00e9s la m\u00e0gia dels nostres alumnes&#8230; fer f\u00e0cil qualsevol cosa.<\/span><\/p>\n<p>Aqu\u00ed teniu un petit tastet d&#8217;aquestes primeres sessions: <a href=\"https:\/\/photos.app.goo.gl\/6X2rmbaCHTnAf1Ma6\">https:\/\/photos.app.goo.gl\/6X2rmbaCHTnAf1Ma6<\/a><\/p>\n","protected":false},"excerpt":{"rendered":"<p><a href=\"https:\/\/agora.xtec.cat\/zerriuondara\/wp-content\/uploads\/usu561\/2022\/10\/IMG_20220930_135751_326-scaled.jpg\"><\/a>Arriba l&#8217;octubre i, poc a poc, el curs ha anat normalitzant les seves rutines.<br \/>\nAra s\u00ed, els i les alumnes de Cicle Superior ja ens trobem en una din\u00e0mica que ser\u00e0 habitual fins al mes de juny: les capses d&#8217;aprenentatge. Durant les primeres sessions&hellip;  <a href=\"https:\/\/agora.xtec.cat\/zerriuondara\/general-espigol\/capses-aprenentatge-a-cicle-superior\/\" title=\"Read Capses aprenentatge a Cicle Superior\">Llegeix m\u00e9s\u00bb<\/a><\/p>\n","protected":false},"author":1,"featured_media":0,"comment_status":"open","ping_status":"closed","sticky":false,"template":"","format":"standard","meta":{"_bbp_topic_count":0,"_bbp_reply_count":0,"_bbp_total_topic_count":0,"_bbp_total_reply_count":0,"_bbp_voice_count":0,"_bbp_anonymous_reply_count":0,"_bbp_topic_count_hidden":0,"_bbp_reply_count_hidden":0,"_bbp_forum_subforum_count":0,"footnotes":""},"categories":[85,86,133,69,1,94],"tags":[],"class_list":["post-4666","post","type-post","status-publish","format-standard","hentry","category-mitja-espigol","category-superior-espigol","category-curs-2022-2023","category-escola-espigol","category-general-espigol","category-portada"],"post_mailing_queue_ids":[],"_links":{"self":[{"href":"https:\/\/agora.xtec.cat\/zerriuondara\/wp-json\/wp\/v2\/posts\/4666","targetHints":{"allow":["GET"]}}],"collection":[{"href":"https:\/\/agora.xtec.cat\/zerriuondara\/wp-json\/wp\/v2\/posts"}],"about":[{"href":"https:\/\/agora.xtec.cat\/zerriuondara\/wp-json\/wp\/v2\/types\/post"}],"author":[{"embeddable":true,"href":"https:\/\/agora.xtec.cat\/zerriuondara\/wp-json\/wp\/v2\/users\/1"}],"replies":[{"embeddable":true,"href":"https:\/\/agora.xtec.cat\/zerriuondara\/wp-json\/wp\/v2\/comments?post=4666"}],"version-history":[{"count":3,"href":"https:\/\/agora.xtec.cat\/zerriuondara\/wp-json\/wp\/v2\/posts\/4666\/revisions"}],"predecessor-version":[{"id":4671,"href":"https:\/\/agora.xtec.cat\/zerriuondara\/wp-json\/wp\/v2\/posts\/4666\/revisions\/4671"}],"wp:attachment":[{"href":"https:\/\/agora.xtec.cat\/zerriuondara\/wp-json\/wp\/v2\/media?parent=4666"}],"wp:term":[{"taxonomy":"category","embeddable":true,"href":"https:\/\/agora.xtec.cat\/zerriuondara\/wp-json\/wp\/v2\/categories?post=4666"},{"taxonomy":"post_tag","embeddable":true,"href":"https:\/\/agora.xtec.cat\/zerriuondara\/wp-json\/wp\/v2\/tags?post=4666"}],"curies":[{"name":"wp","href":"https:\/\/api.w.org\/{rel}","templated":true}]}}