{"id":4305,"date":"2022-03-01T18:23:23","date_gmt":"2022-03-01T17:23:23","guid":{"rendered":"https:\/\/agora.xtec.cat\/zerriuondara\/?p=4305"},"modified":"2022-03-01T18:23:23","modified_gmt":"2022-03-01T17:23:23","slug":"taller-de-contacontes-per-la-igualtat-de-genere","status":"publish","type":"post","link":"https:\/\/agora.xtec.cat\/zerriuondara\/general-espigol\/taller-de-contacontes-per-la-igualtat-de-genere\/","title":{"rendered":"Taller de CONTACONTES per la igualtat de G\u00e8nere"},"content":{"rendered":"<p><img loading=\"lazy\" decoding=\"async\" class=\"alignnone size-large wp-image-4307\" src=\"https:\/\/agora.xtec.cat\/zerriuondara\/wp-content\/uploads\/usu561\/2022\/03\/20220301_153120-scaled-e1646154774284-1024x422.jpg\" alt=\"\" width=\"1024\" height=\"422\" srcset=\"https:\/\/agora.xtec.cat\/zerriuondara\/wp-content\/uploads\/usu561\/2022\/03\/20220301_153120-scaled-e1646154774284-1024x422.jpg 1024w, https:\/\/agora.xtec.cat\/zerriuondara\/wp-content\/uploads\/usu561\/2022\/03\/20220301_153120-scaled-e1646154774284-300x124.jpg 300w, https:\/\/agora.xtec.cat\/zerriuondara\/wp-content\/uploads\/usu561\/2022\/03\/20220301_153120-scaled-e1646154774284-768x317.jpg 768w, https:\/\/agora.xtec.cat\/zerriuondara\/wp-content\/uploads\/usu561\/2022\/03\/20220301_153120-scaled-e1646154774284-1536x634.jpg 1536w, https:\/\/agora.xtec.cat\/zerriuondara\/wp-content\/uploads\/usu561\/2022\/03\/20220301_153120-scaled-e1646154774284.jpg 1862w\" sizes=\"auto, (max-width: 1024px) 100vw, 1024px\" \/><\/p>\n<p>Aquesta tarda ens ha visitat la Laia Forcadell, contacontes que ha comen\u00e7at explicant-nos el conte de &#8220;Rosa Caramel&#8221; unes elefantes de colors rosa sense difer\u00e8ncies&#8230;.Despr\u00e9s\u00a0 ha continuat amb &#8220;L\u00b4Artur i la Clementina&#8221; unes tortugues ben especials i finalment ens ha acabat explicant el conte &#8220;Quan les nenes volen alt&#8221;.<\/p>\n<p>Ens ho hem passat super, moltes gr\u00e0cies Laia.<\/p>\n<p>&nbsp;<\/p>\n<p>FOTOS<\/p>\n<p><a href=\"https:\/\/photos.app.goo.gl\/xiPQiEXFDaRv4ZuA8\">https:\/\/photos.app.goo.gl\/xiPQiEXFDaRv4ZuA8<\/a><\/p>\n<p>VIDEOS:<\/p>\n<p><a href=\"https:\/\/drive.google.com\/file\/d\/1X5XmHah0WlMy2hT-lI_qC1kjAWj0dlFU\/view?usp=sharing\">https:\/\/drive.google.com\/file\/d\/1X5XmHah0WlMy2hT-lI_qC1kjAWj0dlFU\/view?usp=sharing<\/a><\/p>\n<p><a href=\"https:\/\/drive.google.com\/file\/d\/1wrhE4YbkxlwQlCVJcbTCeR1EScrjf6C5\/view?usp=sharing\">https:\/\/drive.google.com\/file\/d\/1wrhE4YbkxlwQlCVJcbTCeR1EScrjf6C5\/view?usp=sharing<\/a><\/p>\n","protected":false},"excerpt":{"rendered":"<p>Aquesta tarda ens ha visitat la Laia Forcadell, contacontes que ha comen\u00e7at explicant-nos el conte de &#8220;Rosa Caramel&#8221; unes elefantes de colors rosa sense difer\u00e8ncies&#8230;.Despr\u00e9s\u00a0 ha continuat amb &#8220;L\u00b4Artur i la Clementina&#8221; unes tortugues ben especials i finalment ens ha acabat explicant el conte &#8220;Quan&hellip;  <a href=\"https:\/\/agora.xtec.cat\/zerriuondara\/general-espigol\/taller-de-contacontes-per-la-igualtat-de-genere\/\" title=\"Read Taller de CONTACONTES per la igualtat de G\u00e8nere\">Llegeix m\u00e9s\u00bb<\/a><\/p>\n","protected":false},"author":1,"featured_media":4307,"comment_status":"open","ping_status":"closed","sticky":false,"template":"","format":"standard","meta":{"_bbp_topic_count":0,"_bbp_reply_count":0,"_bbp_total_topic_count":0,"_bbp_total_reply_count":0,"_bbp_voice_count":0,"_bbp_anonymous_reply_count":0,"_bbp_topic_count_hidden":0,"_bbp_reply_count_hidden":0,"_bbp_forum_subforum_count":0,"footnotes":""},"categories":[89,85,127,69,1,94],"tags":[],"class_list":["post-4305","post","type-post","status-publish","format-standard","has-post-thumbnail","hentry","category-inicial-espigol","category-mitja-espigol","category-curs-2021-2022","category-escola-espigol","category-general-espigol","category-portada"],"post_mailing_queue_ids":[],"_links":{"self":[{"href":"https:\/\/agora.xtec.cat\/zerriuondara\/wp-json\/wp\/v2\/posts\/4305","targetHints":{"allow":["GET"]}}],"collection":[{"href":"https:\/\/agora.xtec.cat\/zerriuondara\/wp-json\/wp\/v2\/posts"}],"about":[{"href":"https:\/\/agora.xtec.cat\/zerriuondara\/wp-json\/wp\/v2\/types\/post"}],"author":[{"embeddable":true,"href":"https:\/\/agora.xtec.cat\/zerriuondara\/wp-json\/wp\/v2\/users\/1"}],"replies":[{"embeddable":true,"href":"https:\/\/agora.xtec.cat\/zerriuondara\/wp-json\/wp\/v2\/comments?post=4305"}],"version-history":[{"count":3,"href":"https:\/\/agora.xtec.cat\/zerriuondara\/wp-json\/wp\/v2\/posts\/4305\/revisions"}],"predecessor-version":[{"id":4309,"href":"https:\/\/agora.xtec.cat\/zerriuondara\/wp-json\/wp\/v2\/posts\/4305\/revisions\/4309"}],"wp:featuredmedia":[{"embeddable":true,"href":"https:\/\/agora.xtec.cat\/zerriuondara\/wp-json\/wp\/v2\/media\/4307"}],"wp:attachment":[{"href":"https:\/\/agora.xtec.cat\/zerriuondara\/wp-json\/wp\/v2\/media?parent=4305"}],"wp:term":[{"taxonomy":"category","embeddable":true,"href":"https:\/\/agora.xtec.cat\/zerriuondara\/wp-json\/wp\/v2\/categories?post=4305"},{"taxonomy":"post_tag","embeddable":true,"href":"https:\/\/agora.xtec.cat\/zerriuondara\/wp-json\/wp\/v2\/tags?post=4305"}],"curies":[{"name":"wp","href":"https:\/\/api.w.org\/{rel}","templated":true}]}}