{"id":4128,"date":"2021-12-22T19:48:33","date_gmt":"2021-12-22T18:48:33","guid":{"rendered":"https:\/\/agora.xtec.cat\/zerriuondara\/?p=4128"},"modified":"2021-12-22T19:48:33","modified_gmt":"2021-12-22T18:48:33","slug":"bones-festes-i-els-millors-desitjos-per-lany-2022","status":"publish","type":"post","link":"https:\/\/agora.xtec.cat\/zerriuondara\/general-espigol\/bones-festes-i-els-millors-desitjos-per-lany-2022\/","title":{"rendered":"Bones Festes i els millors desitjos per l\u2019any 2022!"},"content":{"rendered":"<p align=\"justify\"><span style=\"color: #000000\"><span style=\"font-family: Arial, sans-serif\"><span style=\"font-size: medium\">Un any m\u00e9s hem celebrat plegats el Nadal. Ens agrada cantar junts i felicitar-nos l\u2019arribada de les festes.<\/span><\/span><\/span><\/p>\n<p align=\"justify\"><span style=\"color: #000000\"><span style=\"font-family: Arial, sans-serif\"><span style=\"font-size: medium\">Aquest curs, tot i la situaci\u00f3 actual que estem vivint, no hi haur\u00e0 res que ens impedeixi seguir la m\u00e0gia del Nadal. Malgrat que no podem fer-ho de la mateixa manera, els i les docents de l\u2019escola han treballat per poder-ho fer possible, i per reviure, un any m\u00e9s, les cares de felicitat i d\u2019il\u00b7lusi\u00f3 dels infants en aquestes dates tan esperades.<\/span><\/span><\/span><\/p>\n<p align=\"justify\">L\u2019escola\u00a0ha viscut\u00a0dos\u00a0dies\u00a0plens\u00a0de m\u00e0gia i emocions: la cagada del Ti\u00f3, la visita al tradicional pessebre del Nando, la varietat d&#8217;activitats nadalenques, la cantada de nadales, la degustaci\u00f3 de coca i xocolata&#8230;Emocions a flor de pell!<\/p>\n<p align=\"justify\"><span style=\"color: #000000\"><span style=\"font-family: Arial, sans-serif\"><span style=\"font-size: medium\">Aqu\u00ed us en deixem una mostra:<\/span><\/span><\/span><\/p>\n<p align=\"justify\"><span style=\"color: #000000\"><span style=\"font-family: Arial, sans-serif\"><span style=\"font-size: medium\">dimarts 21 de desembre: <a href=\"https:\/\/photos.app.goo.gl\/yarD4EMENHHiuJTbA\">https:\/\/photos.app.goo.gl\/yarD4EMENHHiuJTbA<\/a><\/span><\/span><\/span><\/p>\n<p align=\"justify\">dimecres 22 de desembre:\u00a0<a href=\"https:\/\/photos.app.goo.gl\/qa57sQWgKspF1BFE8\">https:\/\/photos.app.goo.gl\/qa57sQWgKspF1BFE8<\/a><\/p>\n<p align=\"justify\"><span style=\"color: #000000\"><span style=\"font-family: Arial, sans-serif\"><span style=\"font-size: medium\">Fam\u00edlies i amics\/amigues,\u00a0l\u2019equip de mestres de l\u2019escola Esp\u00edgol us volem desitjar un <strong>molt bon Nadal i unes bones festes<\/strong>, que tot i ser diferents, de ben segur que estaran plenes de moments bonics i\u00a0M\u00c0GICS!<\/span><\/span><\/span><\/p>\n<p align=\"justify\"><span style=\"color: #000000\"><span style=\"font-family: Arial, sans-serif\">Ens retrobem el dilluns 10 de gener.<\/span><\/span><\/p>\n","protected":false},"excerpt":{"rendered":"<p>Un any m\u00e9s hem celebrat plegats el Nadal. Ens agrada cantar junts i felicitar-nos l\u2019arribada de les festes.<br \/>\nAquest curs, tot i la situaci\u00f3 actual que estem vivint, no hi haur\u00e0 res que ens impedeixi seguir la m\u00e0gia del Nadal. Malgrat que no podem fer-ho de&hellip;  <a href=\"https:\/\/agora.xtec.cat\/zerriuondara\/general-espigol\/bones-festes-i-els-millors-desitjos-per-lany-2022\/\" title=\"Read Bones Festes i els millors desitjos per l\u2019any 2022!\">Llegeix m\u00e9s\u00bb<\/a><\/p>\n","protected":false},"author":1,"featured_media":4132,"comment_status":"open","ping_status":"closed","sticky":false,"template":"","format":"standard","meta":{"_bbp_topic_count":0,"_bbp_reply_count":0,"_bbp_total_topic_count":0,"_bbp_total_reply_count":0,"_bbp_voice_count":0,"_bbp_anonymous_reply_count":0,"_bbp_topic_count_hidden":0,"_bbp_reply_count_hidden":0,"_bbp_forum_subforum_count":0,"footnotes":""},"categories":[89,85,86,127,69,1,87,96,88,94],"tags":[],"class_list":["post-4128","post","type-post","status-publish","format-standard","has-post-thumbnail","hentry","category-inicial-espigol","category-mitja-espigol","category-superior-espigol","category-curs-2021-2022","category-escola-espigol","category-general-espigol","category-p3-espigol","category-p4-espigol","category-p5-espigol","category-portada"],"post_mailing_queue_ids":[],"_links":{"self":[{"href":"https:\/\/agora.xtec.cat\/zerriuondara\/wp-json\/wp\/v2\/posts\/4128","targetHints":{"allow":["GET"]}}],"collection":[{"href":"https:\/\/agora.xtec.cat\/zerriuondara\/wp-json\/wp\/v2\/posts"}],"about":[{"href":"https:\/\/agora.xtec.cat\/zerriuondara\/wp-json\/wp\/v2\/types\/post"}],"author":[{"embeddable":true,"href":"https:\/\/agora.xtec.cat\/zerriuondara\/wp-json\/wp\/v2\/users\/1"}],"replies":[{"embeddable":true,"href":"https:\/\/agora.xtec.cat\/zerriuondara\/wp-json\/wp\/v2\/comments?post=4128"}],"version-history":[{"count":3,"href":"https:\/\/agora.xtec.cat\/zerriuondara\/wp-json\/wp\/v2\/posts\/4128\/revisions"}],"predecessor-version":[{"id":4152,"href":"https:\/\/agora.xtec.cat\/zerriuondara\/wp-json\/wp\/v2\/posts\/4128\/revisions\/4152"}],"wp:featuredmedia":[{"embeddable":true,"href":"https:\/\/agora.xtec.cat\/zerriuondara\/wp-json\/wp\/v2\/media\/4132"}],"wp:attachment":[{"href":"https:\/\/agora.xtec.cat\/zerriuondara\/wp-json\/wp\/v2\/media?parent=4128"}],"wp:term":[{"taxonomy":"category","embeddable":true,"href":"https:\/\/agora.xtec.cat\/zerriuondara\/wp-json\/wp\/v2\/categories?post=4128"},{"taxonomy":"post_tag","embeddable":true,"href":"https:\/\/agora.xtec.cat\/zerriuondara\/wp-json\/wp\/v2\/tags?post=4128"}],"curies":[{"name":"wp","href":"https:\/\/api.w.org\/{rel}","templated":true}]}}