{"id":4117,"date":"2021-12-22T07:00:55","date_gmt":"2021-12-22T06:00:55","guid":{"rendered":"https:\/\/agora.xtec.cat\/zerriuondara\/?p=4117"},"modified":"2021-12-22T07:00:55","modified_gmt":"2021-12-22T06:00:55","slug":"pessebre-de-cal-nando-un-gran-vincle-amb-lescola","status":"publish","type":"post","link":"https:\/\/agora.xtec.cat\/zerriuondara\/general-espigol\/pessebre-de-cal-nando-un-gran-vincle-amb-lescola\/","title":{"rendered":"PESSEBRE DE CAL NANDO UN GRAN VINCLE AMB L\u00b4ESCOLA"},"content":{"rendered":"<p><img loading=\"lazy\" decoding=\"async\" class=\"alignnone size-large wp-image-4118\" src=\"https:\/\/agora.xtec.cat\/zerriuondara\/wp-content\/uploads\/usu561\/2021\/12\/resized_20211221_104533-e1640152620983-1024x768.jpg\" alt=\"\" width=\"1024\" height=\"768\" srcset=\"https:\/\/agora.xtec.cat\/zerriuondara\/wp-content\/uploads\/usu561\/2021\/12\/resized_20211221_104533-e1640152620983-1024x768.jpg 1024w, https:\/\/agora.xtec.cat\/zerriuondara\/wp-content\/uploads\/usu561\/2021\/12\/resized_20211221_104533-e1640152620983-300x225.jpg 300w, https:\/\/agora.xtec.cat\/zerriuondara\/wp-content\/uploads\/usu561\/2021\/12\/resized_20211221_104533-e1640152620983-768x576.jpg 768w, https:\/\/agora.xtec.cat\/zerriuondara\/wp-content\/uploads\/usu561\/2021\/12\/resized_20211221_104533-e1640152620983-1536x1152.jpg 1536w, https:\/\/agora.xtec.cat\/zerriuondara\/wp-content\/uploads\/usu561\/2021\/12\/resized_20211221_104533-e1640152620983-200x150.jpg 200w, https:\/\/agora.xtec.cat\/zerriuondara\/wp-content\/uploads\/usu561\/2021\/12\/resized_20211221_104533-e1640152620983.jpg 2016w\" sizes=\"auto, (max-width: 1024px) 100vw, 1024px\" \/><\/p>\n<p>El dilluns i dimarts d\u00b4aquesta setmana tots els nens i nenes de l\u00b4escola Esp\u00edgol i Espigolet han anat a visitar el pessebre de cal Nando, una tradici\u00f3 i vincle que es va forjant any rere any.<\/p>\n<p>Aquest any ens ha sorpr\u00e9s amb la incorporaci\u00f3 del Parc del Reguer al pessebre i com no les caixes niu i menjadores d\u00b4ocells que s\u00b4han instal\u00b7lat. Tamb\u00e9 ha incl\u00f2s modificacions pr\u00f2ximes que es realitzaran al parc en un futur pr\u00f2xim.<\/p>\n<p>Amb molta il\u00b7lusi\u00f3 el Nando ens ha explicat detall a detall tot el pessebre. Ha estat una visita fant\u00e0stica.<\/p>\n<p>Molt\u00edssimes gr\u00e0cies Nando.<\/p>\n<p><a href=\"https:\/\/photos.app.goo.gl\/ZXeKYJ3hgxaWgcpQA\">https:\/\/photos.app.goo.gl\/ZXeKYJ3hgxaWgcpQA<\/a><\/p>\n<p>&nbsp;<\/p>\n","protected":false},"excerpt":{"rendered":"<p>El dilluns i dimarts d\u00b4aquesta setmana tots els nens i nenes de l\u00b4escola Esp\u00edgol i Espigolet han anat a visitar el pessebre de cal Nando, una tradici\u00f3 i vincle que es va forjant any rere any.<br \/>\nAquest any ens ha sorpr\u00e9s amb la incorporaci\u00f3 del Parc&hellip;  <a href=\"https:\/\/agora.xtec.cat\/zerriuondara\/general-espigol\/pessebre-de-cal-nando-un-gran-vincle-amb-lescola\/\" title=\"Read PESSEBRE DE CAL NANDO UN GRAN VINCLE AMB L\u00b4ESCOLA\">Llegeix m\u00e9s\u00bb<\/a><\/p>\n","protected":false},"author":1,"featured_media":4118,"comment_status":"open","ping_status":"closed","sticky":false,"template":"","format":"standard","meta":{"_bbp_topic_count":0,"_bbp_reply_count":0,"_bbp_total_topic_count":0,"_bbp_total_reply_count":0,"_bbp_voice_count":0,"_bbp_anonymous_reply_count":0,"_bbp_topic_count_hidden":0,"_bbp_reply_count_hidden":0,"_bbp_forum_subforum_count":0,"footnotes":""},"categories":[89,85,86,127,69,1,87,96,88,94],"tags":[],"class_list":["post-4117","post","type-post","status-publish","format-standard","has-post-thumbnail","hentry","category-inicial-espigol","category-mitja-espigol","category-superior-espigol","category-curs-2021-2022","category-escola-espigol","category-general-espigol","category-p3-espigol","category-p4-espigol","category-p5-espigol","category-portada"],"post_mailing_queue_ids":[],"_links":{"self":[{"href":"https:\/\/agora.xtec.cat\/zerriuondara\/wp-json\/wp\/v2\/posts\/4117","targetHints":{"allow":["GET"]}}],"collection":[{"href":"https:\/\/agora.xtec.cat\/zerriuondara\/wp-json\/wp\/v2\/posts"}],"about":[{"href":"https:\/\/agora.xtec.cat\/zerriuondara\/wp-json\/wp\/v2\/types\/post"}],"author":[{"embeddable":true,"href":"https:\/\/agora.xtec.cat\/zerriuondara\/wp-json\/wp\/v2\/users\/1"}],"replies":[{"embeddable":true,"href":"https:\/\/agora.xtec.cat\/zerriuondara\/wp-json\/wp\/v2\/comments?post=4117"}],"version-history":[{"count":2,"href":"https:\/\/agora.xtec.cat\/zerriuondara\/wp-json\/wp\/v2\/posts\/4117\/revisions"}],"predecessor-version":[{"id":4120,"href":"https:\/\/agora.xtec.cat\/zerriuondara\/wp-json\/wp\/v2\/posts\/4117\/revisions\/4120"}],"wp:featuredmedia":[{"embeddable":true,"href":"https:\/\/agora.xtec.cat\/zerriuondara\/wp-json\/wp\/v2\/media\/4118"}],"wp:attachment":[{"href":"https:\/\/agora.xtec.cat\/zerriuondara\/wp-json\/wp\/v2\/media?parent=4117"}],"wp:term":[{"taxonomy":"category","embeddable":true,"href":"https:\/\/agora.xtec.cat\/zerriuondara\/wp-json\/wp\/v2\/categories?post=4117"},{"taxonomy":"post_tag","embeddable":true,"href":"https:\/\/agora.xtec.cat\/zerriuondara\/wp-json\/wp\/v2\/tags?post=4117"}],"curies":[{"name":"wp","href":"https:\/\/api.w.org\/{rel}","templated":true}]}}