{"id":4047,"date":"2021-11-25T19:22:48","date_gmt":"2021-11-25T18:22:48","guid":{"rendered":"https:\/\/agora.xtec.cat\/zerriuondara\/?p=4047"},"modified":"2021-11-25T19:22:48","modified_gmt":"2021-11-25T18:22:48","slug":"25n-dia-internacional-de-leliminacio-de-la-violencia-contra-les-dones","status":"publish","type":"post","link":"https:\/\/agora.xtec.cat\/zerriuondara\/general-espigol\/25n-dia-internacional-de-leliminacio-de-la-violencia-contra-les-dones\/","title":{"rendered":"25N DIA INTERNACIONAL DE L\u00b4ELIMINACI\u00d3 DE LA VIOL\u00c8NCIA CONTRA LES DONES"},"content":{"rendered":"<p>&nbsp;<\/p>\n<p><img loading=\"lazy\" decoding=\"async\" class=\"alignnone size-large wp-image-4048\" src=\"https:\/\/agora.xtec.cat\/zerriuondara\/wp-content\/uploads\/usu561\/2021\/11\/resized_20211125_094900-1024x527.jpg\" alt=\"\" width=\"1024\" height=\"527\" srcset=\"https:\/\/agora.xtec.cat\/zerriuondara\/wp-content\/uploads\/usu561\/2021\/11\/resized_20211125_094900-1024x527.jpg 1024w, https:\/\/agora.xtec.cat\/zerriuondara\/wp-content\/uploads\/usu561\/2021\/11\/resized_20211125_094900-300x154.jpg 300w, https:\/\/agora.xtec.cat\/zerriuondara\/wp-content\/uploads\/usu561\/2021\/11\/resized_20211125_094900-768x395.jpg 768w, https:\/\/agora.xtec.cat\/zerriuondara\/wp-content\/uploads\/usu561\/2021\/11\/resized_20211125_094900.jpg 1165w\" sizes=\"auto, (max-width: 1024px) 100vw, 1024px\" \/><\/p>\n<p>Avui els alumnes de l\u00b4escola Esp\u00edgol hem treballat a l\u00b4aula el dia internacional per l\u00b4eliminaci\u00f3 de la viol\u00e8ncia de g\u00e8nere.<\/p>\n<p>Primer hem preguntat que en sab\u00edem sobre el 25N, despr\u00e9s hem estat parlat del RESPECTE entre uns\/unes i altres. Posteriorment\u00a0 hem vist un video del &#8220;gest en contra de la viol\u00e8ncia de g\u00e8nere&#8221;, n\u00b4hem parlat.<\/p>\n<p>A continuaci\u00f3 hem escoltat la can\u00e7\u00f3 de l\u00b4Anna Marz &#8220;MUJERES&#8221;. Hem treballat la lletra de la m\u00fasica.<\/p>\n<p>I finalment hem sortit al pati ha escenificar el gest en contra de la viol\u00e8ncia de g\u00e8nere.<\/p>\n<p>VIDEO:<\/p>\n<p><a href=\"https:\/\/drive.google.com\/file\/d\/1_KzQoFdW306mwyWdmzj_t7SaS48Z3eks\/view?usp=sharing\">https:\/\/drive.google.com\/file\/d\/1_KzQoFdW306mwyWdmzj_t7SaS48Z3eks\/view?usp=sharing<\/a><\/p>\n","protected":false},"excerpt":{"rendered":"<p>&nbsp;<\/p>\n<p>Avui els alumnes de l\u00b4escola Esp\u00edgol hem treballat a l\u00b4aula el dia internacional per l\u00b4eliminaci\u00f3 de la viol\u00e8ncia de g\u00e8nere.<br \/>\nPrimer hem preguntat que en sab\u00edem sobre el 25N, despr\u00e9s hem estat parlat del RESPECTE entre uns\/unes i altres. Posteriorment\u00a0 hem vist un video del &#8220;gest&hellip;  <a href=\"https:\/\/agora.xtec.cat\/zerriuondara\/general-espigol\/25n-dia-internacional-de-leliminacio-de-la-violencia-contra-les-dones\/\" title=\"Read 25N DIA INTERNACIONAL DE L\u00b4ELIMINACI\u00d3 DE LA VIOL\u00c8NCIA CONTRA LES DONES\">Llegeix m\u00e9s\u00bb<\/a><\/p>\n","protected":false},"author":1,"featured_media":4048,"comment_status":"open","ping_status":"closed","sticky":false,"template":"","format":"standard","meta":{"_bbp_topic_count":0,"_bbp_reply_count":0,"_bbp_total_topic_count":0,"_bbp_total_reply_count":0,"_bbp_voice_count":0,"_bbp_anonymous_reply_count":0,"_bbp_topic_count_hidden":0,"_bbp_reply_count_hidden":0,"_bbp_forum_subforum_count":0,"footnotes":""},"categories":[89,85,86,127,69,1,94],"tags":[],"class_list":["post-4047","post","type-post","status-publish","format-standard","has-post-thumbnail","hentry","category-inicial-espigol","category-mitja-espigol","category-superior-espigol","category-curs-2021-2022","category-escola-espigol","category-general-espigol","category-portada"],"post_mailing_queue_ids":[],"_links":{"self":[{"href":"https:\/\/agora.xtec.cat\/zerriuondara\/wp-json\/wp\/v2\/posts\/4047","targetHints":{"allow":["GET"]}}],"collection":[{"href":"https:\/\/agora.xtec.cat\/zerriuondara\/wp-json\/wp\/v2\/posts"}],"about":[{"href":"https:\/\/agora.xtec.cat\/zerriuondara\/wp-json\/wp\/v2\/types\/post"}],"author":[{"embeddable":true,"href":"https:\/\/agora.xtec.cat\/zerriuondara\/wp-json\/wp\/v2\/users\/1"}],"replies":[{"embeddable":true,"href":"https:\/\/agora.xtec.cat\/zerriuondara\/wp-json\/wp\/v2\/comments?post=4047"}],"version-history":[{"count":2,"href":"https:\/\/agora.xtec.cat\/zerriuondara\/wp-json\/wp\/v2\/posts\/4047\/revisions"}],"predecessor-version":[{"id":4050,"href":"https:\/\/agora.xtec.cat\/zerriuondara\/wp-json\/wp\/v2\/posts\/4047\/revisions\/4050"}],"wp:featuredmedia":[{"embeddable":true,"href":"https:\/\/agora.xtec.cat\/zerriuondara\/wp-json\/wp\/v2\/media\/4048"}],"wp:attachment":[{"href":"https:\/\/agora.xtec.cat\/zerriuondara\/wp-json\/wp\/v2\/media?parent=4047"}],"wp:term":[{"taxonomy":"category","embeddable":true,"href":"https:\/\/agora.xtec.cat\/zerriuondara\/wp-json\/wp\/v2\/categories?post=4047"},{"taxonomy":"post_tag","embeddable":true,"href":"https:\/\/agora.xtec.cat\/zerriuondara\/wp-json\/wp\/v2\/tags?post=4047"}],"curies":[{"name":"wp","href":"https:\/\/api.w.org\/{rel}","templated":true}]}}