{"id":4033,"date":"2021-11-22T13:43:33","date_gmt":"2021-11-22T12:43:33","guid":{"rendered":"https:\/\/agora.xtec.cat\/zerriuondara\/?p=4033"},"modified":"2021-11-22T13:43:33","modified_gmt":"2021-11-22T12:43:33","slug":"superciencia21-sostenibilitat-a-tornabous","status":"publish","type":"post","link":"https:\/\/agora.xtec.cat\/zerriuondara\/general-espigol\/superciencia21-sostenibilitat-a-tornabous\/","title":{"rendered":"SUPERCI\u00c8NCIA21: SOSTENIBILITAT A TORNABOUS"},"content":{"rendered":"<p><img loading=\"lazy\" decoding=\"async\" class=\"alignnone size-large wp-image-4035\" src=\"https:\/\/agora.xtec.cat\/zerriuondara\/wp-content\/uploads\/usu561\/2021\/11\/resized_20211115_084122-1024x768.jpg\" alt=\"\" width=\"1024\" height=\"768\" srcset=\"https:\/\/agora.xtec.cat\/zerriuondara\/wp-content\/uploads\/usu561\/2021\/11\/resized_20211115_084122-1024x768.jpg 1024w, https:\/\/agora.xtec.cat\/zerriuondara\/wp-content\/uploads\/usu561\/2021\/11\/resized_20211115_084122-300x225.jpg 300w, https:\/\/agora.xtec.cat\/zerriuondara\/wp-content\/uploads\/usu561\/2021\/11\/resized_20211115_084122-768x576.jpg 768w, https:\/\/agora.xtec.cat\/zerriuondara\/wp-content\/uploads\/usu561\/2021\/11\/resized_20211115_084122-1536x1152.jpg 1536w, https:\/\/agora.xtec.cat\/zerriuondara\/wp-content\/uploads\/usu561\/2021\/11\/resized_20211115_084122-200x150.jpg 200w, https:\/\/agora.xtec.cat\/zerriuondara\/wp-content\/uploads\/usu561\/2021\/11\/resized_20211115_084122.jpg 2016w\" sizes=\"auto, (max-width: 1024px) 100vw, 1024px\" \/><\/p>\n<p>Del 15 al 19 de novembre l\u2019escola Esp\u00edgol hem celebrat la \u00abSetmana de la Superci\u00e8ncia21\u00bb posant una especial atenci\u00f3 en la prevenci\u00f3 de residus i educant per la sostenibilitat i per la consci\u00e8ncia ciutadana de qu\u00e8 cal actuar amb urg\u00e8ncia i contund\u00e8ncia per pal\u00b7liar l\u2019emerg\u00e8ncia planet\u00e0ria.<\/p>\n<p>Les activitats que s\u2019han dut a terme han estat pensades per treballar amb tots els infants de l\u2019escola, adaptant la din\u00e0mica a cada grup d\u2019edat. Totes elles han sigut molt enriquidores i amb valoracions molt positives per part dels infants.<\/p>\n<p>La primera activitat al centre va tenir lloc el dilluns 15 de novembre, amb la projecci\u00f3 d\u2019imatges \u201cV<em>\u00f3rtices<\/em>\u201d de Daniel Canogar i una posterior reflexi\u00f3 i sensibilitzaci\u00f3 sobre aquest tema. Despr\u00e9s vam\u00a0 observar com estava l\u2019aula i ens vam adonar que estava bruta i nosaltres n\u2019\u00e9rem els\/les responsables. Partint d\u2019aquesta idea, ho vam traslladar a altres entorns quotidians com casa, carrer i finalment poble. Per aquest motiu, el seg\u00fcent dia vam sortir al poble a veure qu\u00e8 hi trob\u00e0vem. Ens vam repartir els carrers per classes i la sorpresa va ser un munt de residus inesperats en llocs ben inadequats. Al passad\u00eds de l\u2019escola hem compartit un mapa de grans dimensions on hem compartit durant tota la setmana les idees principals, reflexions i conclusions de cada grup.\u00a0 Hem marcat amb punts negres els espais on hi hem trobat m\u00e9s residus i on posteriorment hi plasmarem la nostra obra d\u00b4art.<\/p>\n<p>A l\u2019aula vam categoritzar, comptabilitzar i analitzar aquets residus. Qui els genera? Per qu\u00e8 ho fan? Com podem evitar-ho?<\/p>\n<p>Durant la setmana han descobert que l\u2019art contemporani \u00e9s un llenguatge diferent amb el que poden expressar all\u00f2 que volen dir.<\/p>\n<p>A finals de setmana els\/les alumnes de l\u2019escola hem realitzat produccions art\u00edstiques amb els residus que vam trobar amb la finalitat de donar un missatge clar: l\u2019Autoresponsabilitzat \u00e9s clau.<\/p>\n<p>Aquesta setmana, fotografiarem les produccions i les compartirem en els diferents espais per convidar a reflexionar a tota la comunitat. Especialment, dirigit a les persones que freq\u00fcenten aquest espai amb la finalitat de reduir els residus que es generen.<\/p>\n<p>Aqu\u00ed us deixem una petita mostra d\u2019aquesta setmana tot desitjant haver contribu\u00eft en el manteniment del nostre entorn i per un poble m\u00e9s net. Animant-vos a donar una passejada pel poble i gaudir de les obres d\u00b4art sens oblidar la seva finalitat.<\/p>\n<p>&nbsp;<\/p>\n<p>FOTOS P1-P2-P3-P4-P5:<\/p>\n<p><a href=\"https:\/\/photos.app.goo.gl\/Y3H2fSwRBFjZH2WG9\">https:\/\/photos.app.goo.gl\/Y3H2fSwRBFjZH2WG9<\/a><\/p>\n<p>FOTOS CICLE INICIAL:<\/p>\n<p><a href=\"https:\/\/photos.app.goo.gl\/3jGDj1VRMWDeCjJP9\">https:\/\/photos.app.goo.gl\/3jGDj1VRMWDeCjJP9<\/a><\/p>\n<p>FOTOS CICLE MITJ\u00c0:<\/p>\n<p><a href=\"https:\/\/photos.app.goo.gl\/7gS692kvoTvoPhf98\">https:\/\/photos.app.goo.gl\/7gS692kvoTvoPhf98<\/a><\/p>\n<p>FOTOS CICLE SUPERIOR 5\u00e8:<\/p>\n<p><a href=\"https:\/\/photos.app.goo.gl\/WS5HcxMxQHJYYjFT7\">https:\/\/photos.app.goo.gl\/WS5HcxMxQHJYYjFT7<\/a><\/p>\n<p>FOTOS CICLE SUPERIOR 6\u00e8:<\/p>\n<p><a href=\"https:\/\/photos.app.goo.gl\/KYxZZr7kXsJh7QG26\">https:\/\/photos.app.goo.gl\/KYxZZr7kXsJh7QG26<\/a><\/p>\n","protected":false},"excerpt":{"rendered":"<p>Del 15 al 19 de novembre l\u2019escola Esp\u00edgol hem celebrat la \u00abSetmana de la Superci\u00e8ncia21\u00bb posant una especial atenci\u00f3 en la prevenci\u00f3 de residus i educant per la sostenibilitat i per la consci\u00e8ncia ciutadana de qu\u00e8 cal actuar amb urg\u00e8ncia i contund\u00e8ncia per pal\u00b7liar l\u2019emerg\u00e8ncia&hellip;  <a href=\"https:\/\/agora.xtec.cat\/zerriuondara\/general-espigol\/superciencia21-sostenibilitat-a-tornabous\/\" title=\"Read SUPERCI\u00c8NCIA21: SOSTENIBILITAT A TORNABOUS\">Llegeix m\u00e9s\u00bb<\/a><\/p>\n","protected":false},"author":1,"featured_media":4035,"comment_status":"open","ping_status":"closed","sticky":false,"template":"","format":"standard","meta":{"_bbp_topic_count":0,"_bbp_reply_count":0,"_bbp_total_topic_count":0,"_bbp_total_reply_count":0,"_bbp_voice_count":0,"_bbp_anonymous_reply_count":0,"_bbp_topic_count_hidden":0,"_bbp_reply_count_hidden":0,"_bbp_forum_subforum_count":0,"footnotes":""},"categories":[89,85,86,127,69,1,87,96,88,94],"tags":[],"class_list":["post-4033","post","type-post","status-publish","format-standard","has-post-thumbnail","hentry","category-inicial-espigol","category-mitja-espigol","category-superior-espigol","category-curs-2021-2022","category-escola-espigol","category-general-espigol","category-p3-espigol","category-p4-espigol","category-p5-espigol","category-portada"],"post_mailing_queue_ids":[],"_links":{"self":[{"href":"https:\/\/agora.xtec.cat\/zerriuondara\/wp-json\/wp\/v2\/posts\/4033","targetHints":{"allow":["GET"]}}],"collection":[{"href":"https:\/\/agora.xtec.cat\/zerriuondara\/wp-json\/wp\/v2\/posts"}],"about":[{"href":"https:\/\/agora.xtec.cat\/zerriuondara\/wp-json\/wp\/v2\/types\/post"}],"author":[{"embeddable":true,"href":"https:\/\/agora.xtec.cat\/zerriuondara\/wp-json\/wp\/v2\/users\/1"}],"replies":[{"embeddable":true,"href":"https:\/\/agora.xtec.cat\/zerriuondara\/wp-json\/wp\/v2\/comments?post=4033"}],"version-history":[{"count":3,"href":"https:\/\/agora.xtec.cat\/zerriuondara\/wp-json\/wp\/v2\/posts\/4033\/revisions"}],"predecessor-version":[{"id":4041,"href":"https:\/\/agora.xtec.cat\/zerriuondara\/wp-json\/wp\/v2\/posts\/4033\/revisions\/4041"}],"wp:featuredmedia":[{"embeddable":true,"href":"https:\/\/agora.xtec.cat\/zerriuondara\/wp-json\/wp\/v2\/media\/4035"}],"wp:attachment":[{"href":"https:\/\/agora.xtec.cat\/zerriuondara\/wp-json\/wp\/v2\/media?parent=4033"}],"wp:term":[{"taxonomy":"category","embeddable":true,"href":"https:\/\/agora.xtec.cat\/zerriuondara\/wp-json\/wp\/v2\/categories?post=4033"},{"taxonomy":"post_tag","embeddable":true,"href":"https:\/\/agora.xtec.cat\/zerriuondara\/wp-json\/wp\/v2\/tags?post=4033"}],"curies":[{"name":"wp","href":"https:\/\/api.w.org\/{rel}","templated":true}]}}