{"id":3640,"date":"2021-05-07T16:34:20","date_gmt":"2021-05-07T14:34:20","guid":{"rendered":"http:\/\/agora.xtec.cat\/zerriuondara\/?p=3640"},"modified":"2021-05-07T16:34:20","modified_gmt":"2021-05-07T14:34:20","slug":"projecte-ocells-del-parc-del-reguer-cicle-superior","status":"publish","type":"post","link":"https:\/\/agora.xtec.cat\/zerriuondara\/general-espigol\/projecte-ocells-del-parc-del-reguer-cicle-superior\/","title":{"rendered":"Projecte &#8220;Ocells del Parc del Reguer&#8221; &#8211; Cicle Superior"},"content":{"rendered":"<p>La colleta de 5\u00e8 i 6\u00e8 de l&#8217;escola hem estat treballant durant tot aquest curs un projecte molt interessant que l&#8217;hem anomenat &#8220;Ocells del Parc del Reguer&#8221;. Un dia del primer trimestre, un ve\u00ed del poble molt conegut per tothom, el Nando, ens va invitar a participar en un projecte relacionat amb els ocells del nostre Parc del Reguer. Vam acceptar la seva invitaci\u00f3. El nostre objectiu era con\u00e8ixer els ocells que habiten al nostre entorn i tenir cura de la natura. El primer que vam fer va ser repartir-nos el nom dels ocells. N&#8217;hi havia fins a 25! A cadasc\u00fa li va tocar un o dos ocells i calia buscar la informaci\u00f3 que ens demanaven les senyoretes. Despr\u00e9s vam passar-ho\u00a0 a l&#8217;ordinador i ens la vam haver d&#8217;estudiar per fer-ne una petita gravaci\u00f3 i crear un codi QR. El Nando va fer uns panells amb les nostres fitxes i les va posar als troncs dels arbres del parc. A m\u00e9s a m\u00e9s, durant aquest curs tamb\u00e9 vam apadrinar caixes niu. Per acabar el projecte, avui hem anat al Parc del Reguer a veure com ha quedat i hem aprofitat per comprovar qu\u00e8 hi havia dins de les caixes niu apadrinades. Esperem us agradi i us animem a visitar-lo!<\/p>\n<p>Escrit realitzat pels alumnes de 5\u00e8<\/p>\n<p>Aqu\u00ed us deixem algunes imatges finals del nostre projecte:<a href=\"https:\/\/photos.app.goo.gl\/i76hPPqjLtqhbKodA\">https:\/\/photos.app.goo.gl\/i76hPPqjLtqhbKodA<\/a><\/p>\n","protected":false},"excerpt":{"rendered":"<p>La colleta de 5\u00e8 i 6\u00e8 de l&#8217;escola hem estat treballant durant tot aquest curs un projecte molt interessant que l&#8217;hem anomenat &#8220;Ocells del Parc del Reguer&#8221;. Un dia del primer trimestre, un ve\u00ed del poble molt conegut per tothom, el Nando, ens va invitar&hellip;  <a href=\"https:\/\/agora.xtec.cat\/zerriuondara\/general-espigol\/projecte-ocells-del-parc-del-reguer-cicle-superior\/\" title=\"Read Projecte &#8220;Ocells del Parc del Reguer&#8221; &#8211; Cicle Superior\">Llegeix m\u00e9s\u00bb<\/a><\/p>\n","protected":false},"author":1,"featured_media":0,"comment_status":"open","ping_status":"closed","sticky":false,"template":"","format":"standard","meta":{"_bbp_topic_count":0,"_bbp_reply_count":0,"_bbp_total_topic_count":0,"_bbp_total_reply_count":0,"_bbp_voice_count":0,"_bbp_anonymous_reply_count":0,"_bbp_topic_count_hidden":0,"_bbp_reply_count_hidden":0,"_bbp_forum_subforum_count":0,"footnotes":""},"categories":[89,85,86,126,69,1,87,96,88,94],"tags":[],"class_list":["post-3640","post","type-post","status-publish","format-standard","hentry","category-inicial-espigol","category-mitja-espigol","category-superior-espigol","category-curs-2020-2021","category-escola-espigol","category-general-espigol","category-p3-espigol","category-p4-espigol","category-p5-espigol","category-portada"],"post_mailing_queue_ids":[],"_links":{"self":[{"href":"https:\/\/agora.xtec.cat\/zerriuondara\/wp-json\/wp\/v2\/posts\/3640","targetHints":{"allow":["GET"]}}],"collection":[{"href":"https:\/\/agora.xtec.cat\/zerriuondara\/wp-json\/wp\/v2\/posts"}],"about":[{"href":"https:\/\/agora.xtec.cat\/zerriuondara\/wp-json\/wp\/v2\/types\/post"}],"author":[{"embeddable":true,"href":"https:\/\/agora.xtec.cat\/zerriuondara\/wp-json\/wp\/v2\/users\/1"}],"replies":[{"embeddable":true,"href":"https:\/\/agora.xtec.cat\/zerriuondara\/wp-json\/wp\/v2\/comments?post=3640"}],"version-history":[{"count":2,"href":"https:\/\/agora.xtec.cat\/zerriuondara\/wp-json\/wp\/v2\/posts\/3640\/revisions"}],"predecessor-version":[{"id":3659,"href":"https:\/\/agora.xtec.cat\/zerriuondara\/wp-json\/wp\/v2\/posts\/3640\/revisions\/3659"}],"wp:attachment":[{"href":"https:\/\/agora.xtec.cat\/zerriuondara\/wp-json\/wp\/v2\/media?parent=3640"}],"wp:term":[{"taxonomy":"category","embeddable":true,"href":"https:\/\/agora.xtec.cat\/zerriuondara\/wp-json\/wp\/v2\/categories?post=3640"},{"taxonomy":"post_tag","embeddable":true,"href":"https:\/\/agora.xtec.cat\/zerriuondara\/wp-json\/wp\/v2\/tags?post=3640"}],"curies":[{"name":"wp","href":"https:\/\/api.w.org\/{rel}","templated":true}]}}