{"id":3566,"date":"2021-03-19T16:43:07","date_gmt":"2021-03-19T15:43:07","guid":{"rendered":"http:\/\/agora.xtec.cat\/zerriuondara\/?p=3566"},"modified":"2021-03-19T16:43:07","modified_gmt":"2021-03-19T15:43:07","slug":"convidats-virtuals-exalumnes-de-lescola-espigol-i-srta-avelin","status":"publish","type":"post","link":"https:\/\/agora.xtec.cat\/zerriuondara\/general-espigol\/convidats-virtuals-exalumnes-de-lescola-espigol-i-srta-avelin\/","title":{"rendered":"CONVIDATS VIRTUALS: EXALUMNES DE L&#8217;ESCOLA ESP\u00cdGOL I SRTA AVELIN"},"content":{"rendered":"<p>Avui a l\u2019escola Esp\u00edgol hem viscut un moment molt m\u00e0gic. Alumnes i mestres de l&#8217;escola ens hem retrobat virtualment amb exalumnes del nostre centre, nois i noies que actualment estan cursant 6\u00e8, 1r, 2n i 3r d\u2019ESO. Tots ells i elles han pogut compartir amb nosaltres una tarda plena de records i viv\u00e8ncies.\u00a0 Des de l\u2019escola hem volgut rememorar bonics moments que ja queden en la nostra hist\u00f2ria i tamb\u00e9 con\u00e8ixer com els hi va ara la vida. A m\u00e9s a m\u00e9s, i per sorpresa, hem tingut el plaer de comptar amb una exmestra molt coneguda i estimada per a tothom, la senyoreta Avelin.<\/p>\n<p>S\u2019han recordat tantes coses i tants moments viscuts que ens ha deixat un bon sabor de boca i de ben segur repetirem!<\/p>\n<p>Gr\u00e0cies nois i noies i senyoreta Avelin per la vostra visitia virtual, ha estat una trobada genial!<\/p>\n<p>Aqu\u00ed us deixem un petit tast fotogr\u00e0fic de l&#8217;activitat d&#8217;aquesta tarda:<a href=\"https:\/\/photos.app.goo.gl\/PzwN13nhDHGApb4fA\">https:\/\/photos.app.goo.gl\/PzwN13nhDHGApb4fA<\/a><\/p>\n","protected":false},"excerpt":{"rendered":"<p>Avui a l\u2019escola Esp\u00edgol hem viscut un moment molt m\u00e0gic. Alumnes i mestres de l&#8217;escola ens hem retrobat virtualment amb exalumnes del nostre centre, nois i noies que actualment estan cursant 6\u00e8, 1r, 2n i 3r d\u2019ESO. Tots ells i elles han pogut compartir amb&hellip;  <a href=\"https:\/\/agora.xtec.cat\/zerriuondara\/general-espigol\/convidats-virtuals-exalumnes-de-lescola-espigol-i-srta-avelin\/\" title=\"Read CONVIDATS VIRTUALS: EXALUMNES DE L&#8217;ESCOLA ESP\u00cdGOL I SRTA AVELIN\">Llegeix m\u00e9s\u00bb<\/a><\/p>\n","protected":false},"author":1,"featured_media":0,"comment_status":"open","ping_status":"closed","sticky":false,"template":"","format":"standard","meta":{"_bbp_topic_count":0,"_bbp_reply_count":0,"_bbp_total_topic_count":0,"_bbp_total_reply_count":0,"_bbp_voice_count":0,"_bbp_anonymous_reply_count":0,"_bbp_topic_count_hidden":0,"_bbp_reply_count_hidden":0,"_bbp_forum_subforum_count":0,"footnotes":""},"categories":[89,85,86,126,69,1,87,96,88,94],"tags":[],"class_list":["post-3566","post","type-post","status-publish","format-standard","hentry","category-inicial-espigol","category-mitja-espigol","category-superior-espigol","category-curs-2020-2021","category-escola-espigol","category-general-espigol","category-p3-espigol","category-p4-espigol","category-p5-espigol","category-portada"],"post_mailing_queue_ids":[],"_links":{"self":[{"href":"https:\/\/agora.xtec.cat\/zerriuondara\/wp-json\/wp\/v2\/posts\/3566","targetHints":{"allow":["GET"]}}],"collection":[{"href":"https:\/\/agora.xtec.cat\/zerriuondara\/wp-json\/wp\/v2\/posts"}],"about":[{"href":"https:\/\/agora.xtec.cat\/zerriuondara\/wp-json\/wp\/v2\/types\/post"}],"author":[{"embeddable":true,"href":"https:\/\/agora.xtec.cat\/zerriuondara\/wp-json\/wp\/v2\/users\/1"}],"replies":[{"embeddable":true,"href":"https:\/\/agora.xtec.cat\/zerriuondara\/wp-json\/wp\/v2\/comments?post=3566"}],"version-history":[{"count":3,"href":"https:\/\/agora.xtec.cat\/zerriuondara\/wp-json\/wp\/v2\/posts\/3566\/revisions"}],"predecessor-version":[{"id":3570,"href":"https:\/\/agora.xtec.cat\/zerriuondara\/wp-json\/wp\/v2\/posts\/3566\/revisions\/3570"}],"wp:attachment":[{"href":"https:\/\/agora.xtec.cat\/zerriuondara\/wp-json\/wp\/v2\/media?parent=3566"}],"wp:term":[{"taxonomy":"category","embeddable":true,"href":"https:\/\/agora.xtec.cat\/zerriuondara\/wp-json\/wp\/v2\/categories?post=3566"},{"taxonomy":"post_tag","embeddable":true,"href":"https:\/\/agora.xtec.cat\/zerriuondara\/wp-json\/wp\/v2\/tags?post=3566"}],"curies":[{"name":"wp","href":"https:\/\/api.w.org\/{rel}","templated":true}]}}