{"id":3534,"date":"2021-03-08T16:50:35","date_gmt":"2021-03-08T15:50:35","guid":{"rendered":"http:\/\/agora.xtec.cat\/zerriuondara\/?p=3534"},"modified":"2021-03-08T16:50:35","modified_gmt":"2021-03-08T15:50:35","slug":"8-de-marc-dia-de-la-dona-treballadora","status":"publish","type":"post","link":"https:\/\/agora.xtec.cat\/zerriuondara\/general-espigol\/8-de-marc-dia-de-la-dona-treballadora\/","title":{"rendered":"8 DE MAR\u00c7, DIA DE LA DONA TREBALLADORA"},"content":{"rendered":"<p style=\"font-weight: 400\">Avui, Dia Internacional de les Dones, l&#8217;escola Esp\u00edgol hem iniciat una s\u00e8rie d&#8217;activitats\u00a0per visibilitzar i conscienciar l\u2019alumnat i tota la comunitat educativa sobre els drets de les dones.<\/p>\n<p style=\"font-weight: 400\">\u00a0Aquesta tarda<strong>,\u00a0<\/strong>a la pista poliesportiva i separats en grups bombolla,<strong>\u00a0<\/strong>hem gaudit\u00a0de\u00a0<strong>l\u2019espectacle de titelles \u201cG\u00e8nere\u201d a c\u00e0rrec de la Companyia Pantomima<\/strong>. Una proposta educativa\u00a0 recolzada amb m\u00fasica en directe per la promoci\u00f3 de la igualtat de g\u00e8nere en tots els \u00e0mbits que ens ha proporcionat el consistori de l&#8217;Ajuntament de Tornabous.<\/p>\n<p>A m\u00e9s a m\u00e9s, durant la setmana, les tutores explicaran als nens i nenes\u00a0 diversos\u00a0<strong>contes\u00a0<\/strong>relacionats amb aquest contingut i els m\u00e9s grans de l\u2019escola faran\u00a0<strong>diverses activitats<\/strong>\u00a0on\u00a0reflexionaran sobre el paper de les dones a casa nostra, a la nostra ciutat i al m\u00f3n!<\/p>\n<p>Per \u00faltim,\u00a0 tamb\u00e9 tindrem el plaer de comptar\u00a0<strong>telem\u00e0ticament i en directe<\/strong>\u00a0<strong>amb dones de Tornabous<\/strong>\u00a0<strong>i de l\u2019entorn<\/strong>\u00a0destacades dins del m\u00f3n de la ci\u00e8ncia que ens explicaran els aspectes m\u00e9s rellevants de la seva feina i algunes que altres curiositats.<\/p>\n<p>PER TOTES, PER LA IGUALTAT!<\/p>\n<p>Podeu veure un petit recull de fotos clicant al seg\u00fcent enlla\u00e7.<a href=\"https:\/\/photos.app.goo.gl\/nTvo3nbj9Fadki749\">https:\/\/photos.app.goo.gl\/nTvo3nbj9Fadki749<\/a><\/p>\n","protected":false},"excerpt":{"rendered":"<p>Avui, Dia Internacional de les Dones, l&#8217;escola Esp\u00edgol hem iniciat una s\u00e8rie d&#8217;activitats\u00a0per visibilitzar i conscienciar l\u2019alumnat i tota la comunitat educativa sobre els drets de les dones.<br \/>\n\u00a0Aquesta tarda,\u00a0a la pista poliesportiva i separats en grups bombolla,\u00a0hem gaudit\u00a0de\u00a0l\u2019espectacle de titelles \u201cG\u00e8nere\u201d a c\u00e0rrec de la&hellip;  <a href=\"https:\/\/agora.xtec.cat\/zerriuondara\/general-espigol\/8-de-marc-dia-de-la-dona-treballadora\/\" title=\"Read 8 DE MAR\u00c7, DIA DE LA DONA TREBALLADORA\">Llegeix m\u00e9s\u00bb<\/a><\/p>\n","protected":false},"author":1,"featured_media":0,"comment_status":"open","ping_status":"closed","sticky":false,"template":"","format":"standard","meta":{"_bbp_topic_count":0,"_bbp_reply_count":0,"_bbp_total_topic_count":0,"_bbp_total_reply_count":0,"_bbp_voice_count":0,"_bbp_anonymous_reply_count":0,"_bbp_topic_count_hidden":0,"_bbp_reply_count_hidden":0,"_bbp_forum_subforum_count":0,"footnotes":""},"categories":[126,69,1,94],"tags":[],"class_list":["post-3534","post","type-post","status-publish","format-standard","hentry","category-curs-2020-2021","category-escola-espigol","category-general-espigol","category-portada"],"post_mailing_queue_ids":[],"_links":{"self":[{"href":"https:\/\/agora.xtec.cat\/zerriuondara\/wp-json\/wp\/v2\/posts\/3534","targetHints":{"allow":["GET"]}}],"collection":[{"href":"https:\/\/agora.xtec.cat\/zerriuondara\/wp-json\/wp\/v2\/posts"}],"about":[{"href":"https:\/\/agora.xtec.cat\/zerriuondara\/wp-json\/wp\/v2\/types\/post"}],"author":[{"embeddable":true,"href":"https:\/\/agora.xtec.cat\/zerriuondara\/wp-json\/wp\/v2\/users\/1"}],"replies":[{"embeddable":true,"href":"https:\/\/agora.xtec.cat\/zerriuondara\/wp-json\/wp\/v2\/comments?post=3534"}],"version-history":[{"count":1,"href":"https:\/\/agora.xtec.cat\/zerriuondara\/wp-json\/wp\/v2\/posts\/3534\/revisions"}],"predecessor-version":[{"id":3535,"href":"https:\/\/agora.xtec.cat\/zerriuondara\/wp-json\/wp\/v2\/posts\/3534\/revisions\/3535"}],"wp:attachment":[{"href":"https:\/\/agora.xtec.cat\/zerriuondara\/wp-json\/wp\/v2\/media?parent=3534"}],"wp:term":[{"taxonomy":"category","embeddable":true,"href":"https:\/\/agora.xtec.cat\/zerriuondara\/wp-json\/wp\/v2\/categories?post=3534"},{"taxonomy":"post_tag","embeddable":true,"href":"https:\/\/agora.xtec.cat\/zerriuondara\/wp-json\/wp\/v2\/tags?post=3534"}],"curies":[{"name":"wp","href":"https:\/\/api.w.org\/{rel}","templated":true}]}}