{"id":3228,"date":"2020-12-02T20:18:10","date_gmt":"2020-12-02T19:18:10","guid":{"rendered":"http:\/\/agora.xtec.cat\/zerriuondara\/?p=3228"},"modified":"2020-12-02T20:25:33","modified_gmt":"2020-12-02T19:25:33","slug":"avui-a-convidats-virtuals-ens-visita-el-grup-musical-enzel","status":"publish","type":"post","link":"https:\/\/agora.xtec.cat\/zerriuondara\/general-espigol\/avui-a-convidats-virtuals-ens-visita-el-grup-musical-enzel\/","title":{"rendered":"Avui a &#8220;Convidats virtuals&#8221; ens visita el grup musical &#8220;ENZEL&#8221;!"},"content":{"rendered":"<p>Avui els alumnes de Cicle Superior hem tingut l&#8217;oportunitat d&#8217;entrevistar de forma virtual i en directe el grup musical lleidat\u00e0 &#8220;Enzel&#8221;. Hem estat uns privilegiats i privilegiades! Ens ha agradat molt poder con\u00e8ixer alguns dels seus membres i saber quina ha estat la seva traject\u00f2ria musical. A m\u00e9s a m\u00e9s, en Jos, la veu del grup, ens ha obsequiat amb una bonica can\u00e7\u00f3 acompanyada a la guitarra.<\/p>\n<p>Gr\u00e0cies ENZEL per deixar-nos compartir aquesta experi\u00e8ncia musical amb vosaltres!<\/p>\n<p><a href=\"https:\/\/drive.google.com\/file\/d\/1g0p-f72-mMPsja1Qu1fqVQ2S1OMxjsGt\/view?usp=sharing\">https:\/\/drive.google.com\/file\/d\/1g0p-f72-mMPsja1Qu1fqVQ2S1OMxjsGt\/view?usp=sharing<\/a><\/p>\n<p><a href=\"https:\/\/agora.xtec.cat\/zerriuondara\/wp-content\/uploads\/usu561\/2020\/12\/resized_IMG-20201202-WA0008.jpg\"><img loading=\"lazy\" decoding=\"async\" class=\"alignnone size-full wp-image-3229\" src=\"https:\/\/agora.xtec.cat\/zerriuondara\/wp-content\/uploads\/usu561\/2020\/12\/resized_IMG-20201202-WA0008.jpg\" alt=\"\" width=\"600\" height=\"800\" srcset=\"https:\/\/agora.xtec.cat\/zerriuondara\/wp-content\/uploads\/usu561\/2020\/12\/resized_IMG-20201202-WA0008.jpg 600w, https:\/\/agora.xtec.cat\/zerriuondara\/wp-content\/uploads\/usu561\/2020\/12\/resized_IMG-20201202-WA0008-225x300.jpg 225w\" sizes=\"auto, (max-width: 600px) 100vw, 600px\" \/><\/a> <a href=\"https:\/\/agora.xtec.cat\/zerriuondara\/wp-content\/uploads\/usu561\/2020\/12\/resized_IMG-20201202-WA0009.jpg\"><img loading=\"lazy\" decoding=\"async\" class=\"alignnone size-large wp-image-3230\" src=\"https:\/\/agora.xtec.cat\/zerriuondara\/wp-content\/uploads\/usu561\/2020\/12\/resized_IMG-20201202-WA0009.jpg\" alt=\"\" width=\"600\" height=\"800\" srcset=\"https:\/\/agora.xtec.cat\/zerriuondara\/wp-content\/uploads\/usu561\/2020\/12\/resized_IMG-20201202-WA0009.jpg 600w, https:\/\/agora.xtec.cat\/zerriuondara\/wp-content\/uploads\/usu561\/2020\/12\/resized_IMG-20201202-WA0009-225x300.jpg 225w\" sizes=\"auto, (max-width: 600px) 100vw, 600px\" \/><\/a> <a href=\"https:\/\/agora.xtec.cat\/zerriuondara\/wp-content\/uploads\/usu561\/2020\/12\/resized_IMG-20201202-WA0010.jpg\"><img loading=\"lazy\" decoding=\"async\" class=\"alignnone size-large wp-image-3231\" src=\"https:\/\/agora.xtec.cat\/zerriuondara\/wp-content\/uploads\/usu561\/2020\/12\/resized_IMG-20201202-WA0010.jpg\" alt=\"\" width=\"800\" height=\"600\" srcset=\"https:\/\/agora.xtec.cat\/zerriuondara\/wp-content\/uploads\/usu561\/2020\/12\/resized_IMG-20201202-WA0010.jpg 800w, https:\/\/agora.xtec.cat\/zerriuondara\/wp-content\/uploads\/usu561\/2020\/12\/resized_IMG-20201202-WA0010-300x225.jpg 300w, https:\/\/agora.xtec.cat\/zerriuondara\/wp-content\/uploads\/usu561\/2020\/12\/resized_IMG-20201202-WA0010-768x576.jpg 768w, https:\/\/agora.xtec.cat\/zerriuondara\/wp-content\/uploads\/usu561\/2020\/12\/resized_IMG-20201202-WA0010-200x150.jpg 200w\" sizes=\"auto, (max-width: 800px) 100vw, 800px\" \/><\/a><\/p>\n<p>&nbsp;<\/p>\n","protected":false},"excerpt":{"rendered":"<p>Avui els alumnes de Cicle Superior hem tingut l&#8217;oportunitat d&#8217;entrevistar de forma virtual i en directe el grup musical lleidat\u00e0 &#8220;Enzel&#8221;. Hem estat uns privilegiats i privilegiades! Ens ha agradat molt poder con\u00e8ixer alguns dels seus membres i saber quina ha estat la seva traject\u00f2ria&hellip;  <a href=\"https:\/\/agora.xtec.cat\/zerriuondara\/general-espigol\/avui-a-convidats-virtuals-ens-visita-el-grup-musical-enzel\/\" title=\"Read Avui a &#8220;Convidats virtuals&#8221; ens visita el grup musical &#8220;ENZEL&#8221;!\">Llegeix m\u00e9s\u00bb<\/a><\/p>\n","protected":false},"author":1,"featured_media":2817,"comment_status":"open","ping_status":"closed","sticky":false,"template":"","format":"standard","meta":{"_bbp_topic_count":0,"_bbp_reply_count":0,"_bbp_total_topic_count":0,"_bbp_total_reply_count":0,"_bbp_voice_count":0,"_bbp_anonymous_reply_count":0,"_bbp_topic_count_hidden":0,"_bbp_reply_count_hidden":0,"_bbp_forum_subforum_count":0,"footnotes":""},"categories":[86,126,69,1,94],"tags":[],"class_list":["post-3228","post","type-post","status-publish","format-standard","has-post-thumbnail","hentry","category-superior-espigol","category-curs-2020-2021","category-escola-espigol","category-general-espigol","category-portada"],"post_mailing_queue_ids":[],"_links":{"self":[{"href":"https:\/\/agora.xtec.cat\/zerriuondara\/wp-json\/wp\/v2\/posts\/3228","targetHints":{"allow":["GET"]}}],"collection":[{"href":"https:\/\/agora.xtec.cat\/zerriuondara\/wp-json\/wp\/v2\/posts"}],"about":[{"href":"https:\/\/agora.xtec.cat\/zerriuondara\/wp-json\/wp\/v2\/types\/post"}],"author":[{"embeddable":true,"href":"https:\/\/agora.xtec.cat\/zerriuondara\/wp-json\/wp\/v2\/users\/1"}],"replies":[{"embeddable":true,"href":"https:\/\/agora.xtec.cat\/zerriuondara\/wp-json\/wp\/v2\/comments?post=3228"}],"version-history":[{"count":3,"href":"https:\/\/agora.xtec.cat\/zerriuondara\/wp-json\/wp\/v2\/posts\/3228\/revisions"}],"predecessor-version":[{"id":3234,"href":"https:\/\/agora.xtec.cat\/zerriuondara\/wp-json\/wp\/v2\/posts\/3228\/revisions\/3234"}],"wp:featuredmedia":[{"embeddable":true,"href":"https:\/\/agora.xtec.cat\/zerriuondara\/wp-json\/wp\/v2\/media\/2817"}],"wp:attachment":[{"href":"https:\/\/agora.xtec.cat\/zerriuondara\/wp-json\/wp\/v2\/media?parent=3228"}],"wp:term":[{"taxonomy":"category","embeddable":true,"href":"https:\/\/agora.xtec.cat\/zerriuondara\/wp-json\/wp\/v2\/categories?post=3228"},{"taxonomy":"post_tag","embeddable":true,"href":"https:\/\/agora.xtec.cat\/zerriuondara\/wp-json\/wp\/v2\/tags?post=3228"}],"curies":[{"name":"wp","href":"https:\/\/api.w.org\/{rel}","templated":true}]}}