{"id":3206,"date":"2020-11-21T08:39:30","date_gmt":"2020-11-21T07:39:30","guid":{"rendered":"http:\/\/agora.xtec.cat\/zerriuondara\/?p=3206"},"modified":"2020-11-21T08:43:19","modified_gmt":"2020-11-21T07:43:19","slug":"santa-cecilia-patrona-de-la-musica","status":"publish","type":"post","link":"https:\/\/agora.xtec.cat\/zerriuondara\/general-espigol\/santa-cecilia-patrona-de-la-musica\/","title":{"rendered":"SANTA CEC\u00cdLIA PATRONA DE LA M\u00daSICA"},"content":{"rendered":"<p>&nbsp;<\/p>\n<p><img loading=\"lazy\" decoding=\"async\" class=\"alignnone wp-image-3207\" src=\"https:\/\/agora.xtec.cat\/zerriuondara\/wp-content\/uploads\/usu561\/2020\/11\/resized_20201121_081403-e1605943699647-1024x768.jpg\" alt=\"\" width=\"407\" height=\"305\" srcset=\"https:\/\/agora.xtec.cat\/zerriuondara\/wp-content\/uploads\/usu561\/2020\/11\/resized_20201121_081403-e1605943699647-1024x768.jpg 1024w, https:\/\/agora.xtec.cat\/zerriuondara\/wp-content\/uploads\/usu561\/2020\/11\/resized_20201121_081403-e1605943699647-300x225.jpg 300w, https:\/\/agora.xtec.cat\/zerriuondara\/wp-content\/uploads\/usu561\/2020\/11\/resized_20201121_081403-e1605943699647-768x576.jpg 768w, https:\/\/agora.xtec.cat\/zerriuondara\/wp-content\/uploads\/usu561\/2020\/11\/resized_20201121_081403-e1605943699647-200x150.jpg 200w, https:\/\/agora.xtec.cat\/zerriuondara\/wp-content\/uploads\/usu561\/2020\/11\/resized_20201121_081403-e1605943699647.jpg 2016w\" sizes=\"auto, (max-width: 407px) 100vw, 407px\" \/><\/p>\n<p>Enguany, per commemorar el dia de la m\u00fasica, als\/les alumnes de l\u00b4escola Esp\u00edgol han fet una mostra d\u2019obres art\u00edstiques pintades o creades des de l\u2019\u00e0nima, des del sentiment i l\u2019emoci\u00f3 que s\u00f3n les que ens mouen quan escoltem una m\u00fasica. L\u2019obra no t\u00e9 l\u00edmits, ni condicions i es pot utilitzar qualsevol material i t\u00e8cnica.<\/p>\n<p>Per aix\u00f2, durant aquesta setmana i a les sessions de m\u00fasica la senyoreta M l\u00b4Horta i la senyoreta Begonya, han fet escoltar diverses can\u00e7ons per tal de poder ajudar als\/les alumnes a imaginar aquestes obres:<\/p>\n<ul>\n<li>YIRUMA \u201cRiver Flows in You\u201d<\/li>\n<li>AYUB OGADA \u201cKothbiro\u201d<\/li>\n<li>BOBBY MCFERRIN \u201cCommon Threads\u201d<\/li>\n<li>B\u00c9LA FLECK, JIE-BING, VISHWA MOHAN BHATT \u201cRadha Krsna Lila\u201d<\/li>\n<\/ul>\n<p>Un cop elaborades s\u00b4ha fet una exposici\u00f3 a la reixa de l\u00b4entrada de l\u00b4escola (el divendres 20 de novembre per la tarda).<\/p>\n<p><strong>22 de novembre de\u00a0\u00a0 2020<\/strong><\/p>\n<p><em>\u201cAix\u00ed em sento quan la meva \u00e0nima escolta m\u00fasica\u201d<\/em><\/p>\n<p><a href=\"https:\/\/photos.app.goo.gl\/NJCtQtRGgho87rMB9\">https:\/\/photos.app.goo.gl\/NJCtQtRGgho87rMB9<\/a><\/p>\n<p>&nbsp;<\/p>\n<p>&nbsp;<\/p>\n","protected":false},"excerpt":{"rendered":"<p>&nbsp;<\/p>\n<p>Enguany, per commemorar el dia de la m\u00fasica, als\/les alumnes de l\u00b4escola Esp\u00edgol han fet una mostra d\u2019obres art\u00edstiques pintades o creades des de l\u2019\u00e0nima, des del sentiment i l\u2019emoci\u00f3 que s\u00f3n les que ens mouen quan escoltem una m\u00fasica. L\u2019obra no t\u00e9 l\u00edmits, ni&hellip;  <a href=\"https:\/\/agora.xtec.cat\/zerriuondara\/general-espigol\/santa-cecilia-patrona-de-la-musica\/\" title=\"Read SANTA CEC\u00cdLIA PATRONA DE LA M\u00daSICA\">Llegeix m\u00e9s\u00bb<\/a><\/p>\n","protected":false},"author":1,"featured_media":3207,"comment_status":"open","ping_status":"closed","sticky":false,"template":"","format":"standard","meta":{"_bbp_topic_count":0,"_bbp_reply_count":0,"_bbp_total_topic_count":0,"_bbp_total_reply_count":0,"_bbp_voice_count":0,"_bbp_anonymous_reply_count":0,"_bbp_topic_count_hidden":0,"_bbp_reply_count_hidden":0,"_bbp_forum_subforum_count":0,"footnotes":""},"categories":[89,85,86,126,69,1,94],"tags":[],"class_list":["post-3206","post","type-post","status-publish","format-standard","has-post-thumbnail","hentry","category-inicial-espigol","category-mitja-espigol","category-superior-espigol","category-curs-2020-2021","category-escola-espigol","category-general-espigol","category-portada"],"post_mailing_queue_ids":[],"_links":{"self":[{"href":"https:\/\/agora.xtec.cat\/zerriuondara\/wp-json\/wp\/v2\/posts\/3206","targetHints":{"allow":["GET"]}}],"collection":[{"href":"https:\/\/agora.xtec.cat\/zerriuondara\/wp-json\/wp\/v2\/posts"}],"about":[{"href":"https:\/\/agora.xtec.cat\/zerriuondara\/wp-json\/wp\/v2\/types\/post"}],"author":[{"embeddable":true,"href":"https:\/\/agora.xtec.cat\/zerriuondara\/wp-json\/wp\/v2\/users\/1"}],"replies":[{"embeddable":true,"href":"https:\/\/agora.xtec.cat\/zerriuondara\/wp-json\/wp\/v2\/comments?post=3206"}],"version-history":[{"count":2,"href":"https:\/\/agora.xtec.cat\/zerriuondara\/wp-json\/wp\/v2\/posts\/3206\/revisions"}],"predecessor-version":[{"id":3209,"href":"https:\/\/agora.xtec.cat\/zerriuondara\/wp-json\/wp\/v2\/posts\/3206\/revisions\/3209"}],"wp:featuredmedia":[{"embeddable":true,"href":"https:\/\/agora.xtec.cat\/zerriuondara\/wp-json\/wp\/v2\/media\/3207"}],"wp:attachment":[{"href":"https:\/\/agora.xtec.cat\/zerriuondara\/wp-json\/wp\/v2\/media?parent=3206"}],"wp:term":[{"taxonomy":"category","embeddable":true,"href":"https:\/\/agora.xtec.cat\/zerriuondara\/wp-json\/wp\/v2\/categories?post=3206"},{"taxonomy":"post_tag","embeddable":true,"href":"https:\/\/agora.xtec.cat\/zerriuondara\/wp-json\/wp\/v2\/tags?post=3206"}],"curies":[{"name":"wp","href":"https:\/\/api.w.org\/{rel}","templated":true}]}}